{"id":15909,"date":"2025-02-06T12:23:07","date_gmt":"2025-02-06T10:23:07","guid":{"rendered":"https:\/\/vozobrera.org\/periodico\/?p=15909"},"modified":"2025-02-06T12:23:07","modified_gmt":"2025-02-06T10:23:07","slug":"%e2%80%bc%ef%b8%8fempiezan-las-movilizaciones-contra-la-reforma-laboral%e2%80%bc%ef%b8%8f","status":"publish","type":"post","link":"https:\/\/vozobrera.org\/periodico\/%e2%80%bc%ef%b8%8fempiezan-las-movilizaciones-contra-la-reforma-laboral%e2%80%bc%ef%b8%8f\/","title":{"rendered":"\u203c\ufe0fEMPIEZAN LAS MOVILIZACIONES CONTRA LA REFORMA LABORAL\u203c\ufe0f"},"content":{"rendered":"<p style=\"text-align: justify;\">La semana pasada se produjeron manifestaciones por todo el Estado como signo de descontento ante el incumplimiento de la derogaci\u00f3n de la reforma laboral por parte de la ministra de trabajo.<br \/>\nEn las manifestaciones estuvieron presentes diversas organizaciones pol\u00edticas y sindicales de izquierdas.<br \/>\nVer a la gente salir a la calle para protestar y defender sus derechos es un rayo de esperanza ya que la clase trabajadora est\u00e1 harta de los enga\u00f1os del gobierno de coalici\u00f3n compuesto por UP y PSOE. Yolanda D\u00edaz y el resto de pol\u00edticos de UP prometieron derogar la reforma laboral del PP del 2012 pero una vez m\u00e1s han traicionado a la clase trabajadora, dejando al descubierto que act\u00faan como un gobierno servil a los intereses de la patronal, de la CEOE.<br \/>\nNing\u00fan partido del parlamento va a solucionar los problemas de los trabajadores porque forman parte del mismo sistema capitalista que nos explota y oprime.<br \/>\nLa \u00fanica que puede hacer frente a los ataques de los capitalistas es una clase obrera fuerte y unida. S\u00f3lo de esa manera conseguiremos derogar la reforma laboral y adquirir mejores condiciones laborales.<\/p>\n<p><a href=\"https:\/\/vozobrera.org\/periodico\/wp-content\/uploads\/2025\/02\/voz.obrera_1644321185_2769089266414811476_43325197885.jpg\"><img loading=\"lazy\" decoding=\"async\" class=\"alignleft size-full wp-image-15863\" src=\"https:\/\/vozobrera.org\/periodico\/wp-content\/uploads\/2025\/02\/voz.obrera_1644321185_2769089266414811476_43325197885.jpg\" alt=\"\" width=\"538\" height=\"538\" srcset=\"https:\/\/vozobrera.org\/periodico\/wp-content\/uploads\/2025\/02\/voz.obrera_1644321185_2769089266414811476_43325197885.jpg 538w, https:\/\/vozobrera.org\/periodico\/wp-content\/uploads\/2025\/02\/voz.obrera_1644321185_2769089266414811476_43325197885-300x300.jpg 300w, https:\/\/vozobrera.org\/periodico\/wp-content\/uploads\/2025\/02\/voz.obrera_1644321185_2769089266414811476_43325197885-150x150.jpg 150w\" sizes=\"auto, (max-width: 538px) 100vw, 538px\" \/><\/a><\/p>\n","protected":false},"excerpt":{"rendered":"<p>La semana pasada se produjeron manifestaciones por todo el Estado como signo de descontento ante el incumplimiento de la derogaci\u00f3n de la reforma laboral por parte de la ministra de trabajo. En las manifestaciones estuvieron presentes diversas organizaciones pol\u00edticas y sindicales de izquierdas. Ver a la gente salir a la calle para protestar y defender&hellip;&nbsp;<a href=\"https:\/\/vozobrera.org\/periodico\/%e2%80%bc%ef%b8%8fempiezan-las-movilizaciones-contra-la-reforma-laboral%e2%80%bc%ef%b8%8f\/\" rel=\"bookmark\">Leer m\u00e1s &raquo;<span class=\"screen-reader-text\">\u203c\ufe0fEMPIEZAN LAS MOVILIZACIONES CONTRA LA REFORMA LABORAL\u203c\ufe0f<\/span><\/a><\/p>\n","protected":false},"author":5,"featured_media":0,"comment_status":"closed","ping_status":"closed","sticky":false,"template":"","format":"standard","meta":{"neve_meta_sidebar":"","neve_meta_container":"","neve_meta_enable_content_width":"off","neve_meta_content_width":70,"neve_meta_title_alignment":"","neve_meta_author_avatar":"","neve_post_elements_order":"","neve_meta_disable_header":"","neve_meta_disable_footer":"","neve_meta_disable_title":"","footnotes":""},"categories":[677],"tags":[],"class_list":["post-15909","post","type-post","status-publish","format-standard","hentry","category-instagram"],"_links":{"self":[{"href":"https:\/\/vozobrera.org\/periodico\/wp-json\/wp\/v2\/posts\/15909","targetHints":{"allow":["GET"]}}],"collection":[{"href":"https:\/\/vozobrera.org\/periodico\/wp-json\/wp\/v2\/posts"}],"about":[{"href":"https:\/\/vozobrera.org\/periodico\/wp-json\/wp\/v2\/types\/post"}],"author":[{"embeddable":true,"href":"https:\/\/vozobrera.org\/periodico\/wp-json\/wp\/v2\/users\/5"}],"replies":[{"embeddable":true,"href":"https:\/\/vozobrera.org\/periodico\/wp-json\/wp\/v2\/comments?post=15909"}],"version-history":[{"count":1,"href":"https:\/\/vozobrera.org\/periodico\/wp-json\/wp\/v2\/posts\/15909\/revisions"}],"predecessor-version":[{"id":15910,"href":"https:\/\/vozobrera.org\/periodico\/wp-json\/wp\/v2\/posts\/15909\/revisions\/15910"}],"wp:attachment":[{"href":"https:\/\/vozobrera.org\/periodico\/wp-json\/wp\/v2\/media?parent=15909"}],"wp:term":[{"taxonomy":"category","embeddable":true,"href":"https:\/\/vozobrera.org\/periodico\/wp-json\/wp\/v2\/categories?post=15909"},{"taxonomy":"post_tag","embeddable":true,"href":"https:\/\/vozobrera.org\/periodico\/wp-json\/wp\/v2\/tags?post=15909"}],"curies":[{"name":"wp","href":"https:\/\/api.w.org\/{rel}","templated":true}]}}