{"id":15905,"date":"2025-02-06T12:21:35","date_gmt":"2025-02-06T10:21:35","guid":{"rendered":"https:\/\/vozobrera.org\/periodico\/?p=15905"},"modified":"2025-02-06T12:21:35","modified_gmt":"2025-02-06T10:21:35","slug":"%e2%80%bc%ef%b8%8flos-trabajadores-del-sad-le-plantan-cara-a-la-precariedad%e2%80%bc%ef%b8%8f","status":"publish","type":"post","link":"https:\/\/vozobrera.org\/periodico\/%e2%80%bc%ef%b8%8flos-trabajadores-del-sad-le-plantan-cara-a-la-precariedad%e2%80%bc%ef%b8%8f\/","title":{"rendered":"\u203c\ufe0fLOS TRABAJADORES DEL SAD LE PLANTAN CARA A LA PRECARIEDAD\u203c\ufe0f"},"content":{"rendered":"<p style=\"text-align: justify;\">La Marea Blanca del servicio de atenci\u00f3n\u00a0 domiciliaria ( SAD) ha iniciado una marcha para visibilizar las condiciones de explotaci\u00f3n y de precariedad que sufren los trabajadores de este sector, cuyo recorrido se ha producido desde el IES Carlos Cano hasta el Paseo de la Constituci\u00f3n.<br \/>\nA\u00fan as\u00ed, la marcha contin\u00faa su camino hacia el Palacio de San Telmo, en Sevilla donde coincidir\u00e1 el 8 de abril con una jornada de huelga de los trabajadores del SAD.<br \/>\nLos trabajadores de atenci\u00f3n domiciliaria se quejan y ponen de manifiesto las terribles listas de espera de la dependencia que sufren nuestros mayores para poder recibir los cuidados necesarios, a\u00f1adiendo tambi\u00e9n la privatizaci\u00f3n de un servicio esencial como es la atenci\u00f3n domiciliaria, donde las empresas privadas especulan y se benefician con una necesidad de este tipo. Las condiciones en las que trabajan los trabajadores del SAD son abusivas, cobrando una miseria y sin protecci\u00f3n de ning\u00fan tipo, poniendo en riesgo tanto a los trabajadores como a los pacientes.<br \/>\nLos auxiliares, hartos de sufrir estas condiciones exigen que se les reconozca como personal sociosanitaro y que se les trate con dignidad mejorando los salarios, dot\u00e1ndolos de mayor protecci\u00f3n y reconociendo la gran labor social que desempe\u00f1an.<br \/>\nA\u00fan as\u00ed no est\u00e1 todo perdido, La Marcha Blanca de CGT por la atenci\u00f3n domiciliaria cada vez suma m\u00e1s apoyo. Si los trabajadores de todos los sectores alzamos la voz y luchamos por la mejora de nuestras condiciones salimos ganando todos. No hay otra manera si queremos lograr ciertas mejoras en el mundo laboral.<\/p>\n<p><a href=\"https:\/\/vozobrera.org\/periodico\/wp-content\/uploads\/2025\/02\/voz.obrera_1643741622_2764227533937073126_43325197885.jpg\"><img loading=\"lazy\" decoding=\"async\" class=\"alignleft size-full wp-image-15865\" src=\"https:\/\/vozobrera.org\/periodico\/wp-content\/uploads\/2025\/02\/voz.obrera_1643741622_2764227533937073126_43325197885.jpg\" alt=\"\" width=\"756\" height=\"756\" srcset=\"https:\/\/vozobrera.org\/periodico\/wp-content\/uploads\/2025\/02\/voz.obrera_1643741622_2764227533937073126_43325197885.jpg 756w, https:\/\/vozobrera.org\/periodico\/wp-content\/uploads\/2025\/02\/voz.obrera_1643741622_2764227533937073126_43325197885-300x300.jpg 300w, https:\/\/vozobrera.org\/periodico\/wp-content\/uploads\/2025\/02\/voz.obrera_1643741622_2764227533937073126_43325197885-150x150.jpg 150w\" sizes=\"auto, (max-width: 756px) 100vw, 756px\" \/><\/a><\/p>\n","protected":false},"excerpt":{"rendered":"<p>La Marea Blanca del servicio de atenci\u00f3n\u00a0 domiciliaria ( SAD) ha iniciado una marcha para visibilizar las condiciones de explotaci\u00f3n y de precariedad que sufren los trabajadores de este sector, cuyo recorrido se ha producido desde el IES Carlos Cano hasta el Paseo de la Constituci\u00f3n. A\u00fan as\u00ed, la marcha contin\u00faa su camino hacia el&hellip;&nbsp;<a href=\"https:\/\/vozobrera.org\/periodico\/%e2%80%bc%ef%b8%8flos-trabajadores-del-sad-le-plantan-cara-a-la-precariedad%e2%80%bc%ef%b8%8f\/\" rel=\"bookmark\">Leer m\u00e1s &raquo;<span class=\"screen-reader-text\">\u203c\ufe0fLOS TRABAJADORES DEL SAD LE PLANTAN CARA A LA PRECARIEDAD\u203c\ufe0f<\/span><\/a><\/p>\n","protected":false},"author":5,"featured_media":0,"comment_status":"closed","ping_status":"closed","sticky":false,"template":"","format":"standard","meta":{"neve_meta_sidebar":"","neve_meta_container":"","neve_meta_enable_content_width":"off","neve_meta_content_width":70,"neve_meta_title_alignment":"","neve_meta_author_avatar":"","neve_post_elements_order":"","neve_meta_disable_header":"","neve_meta_disable_footer":"","neve_meta_disable_title":"","footnotes":""},"categories":[677],"tags":[],"class_list":["post-15905","post","type-post","status-publish","format-standard","hentry","category-instagram"],"_links":{"self":[{"href":"https:\/\/vozobrera.org\/periodico\/wp-json\/wp\/v2\/posts\/15905","targetHints":{"allow":["GET"]}}],"collection":[{"href":"https:\/\/vozobrera.org\/periodico\/wp-json\/wp\/v2\/posts"}],"about":[{"href":"https:\/\/vozobrera.org\/periodico\/wp-json\/wp\/v2\/types\/post"}],"author":[{"embeddable":true,"href":"https:\/\/vozobrera.org\/periodico\/wp-json\/wp\/v2\/users\/5"}],"replies":[{"embeddable":true,"href":"https:\/\/vozobrera.org\/periodico\/wp-json\/wp\/v2\/comments?post=15905"}],"version-history":[{"count":1,"href":"https:\/\/vozobrera.org\/periodico\/wp-json\/wp\/v2\/posts\/15905\/revisions"}],"predecessor-version":[{"id":15906,"href":"https:\/\/vozobrera.org\/periodico\/wp-json\/wp\/v2\/posts\/15905\/revisions\/15906"}],"wp:attachment":[{"href":"https:\/\/vozobrera.org\/periodico\/wp-json\/wp\/v2\/media?parent=15905"}],"wp:term":[{"taxonomy":"category","embeddable":true,"href":"https:\/\/vozobrera.org\/periodico\/wp-json\/wp\/v2\/categories?post=15905"},{"taxonomy":"post_tag","embeddable":true,"href":"https:\/\/vozobrera.org\/periodico\/wp-json\/wp\/v2\/tags?post=15905"}],"curies":[{"name":"wp","href":"https:\/\/api.w.org\/{rel}","templated":true}]}}