{"id":15901,"date":"2025-02-06T12:20:22","date_gmt":"2025-02-06T10:20:22","guid":{"rendered":"https:\/\/vozobrera.org\/periodico\/?p=15901"},"modified":"2025-02-06T12:20:22","modified_gmt":"2025-02-06T10:20:22","slug":"%e2%80%bc%ef%b8%8f45-aniversario-de-la-semana-negra-en-madrid%e2%80%bc%ef%b8%8f","status":"publish","type":"post","link":"https:\/\/vozobrera.org\/periodico\/%e2%80%bc%ef%b8%8f45-aniversario-de-la-semana-negra-en-madrid%e2%80%bc%ef%b8%8f\/","title":{"rendered":"\u203c\ufe0f45 ANIVERSARIO DE LA SEMANA NEGRA EN MADRID\u203c\ufe0f"},"content":{"rendered":"<p style=\"text-align: justify;\">Esta semana ha habido distintos actos conmemorativos en Madrid para recordar que se cumple en enero 45 a\u00f1os del asesinato de Arturo Ruiz Garc\u00eda -estudiante de BUP con 19 a\u00f1os- por parte de un comando de extrema derecha en el transcurso de una manifestaci\u00f3n pro amnist\u00eda; un disparo al coraz\u00f3n acab\u00f3 con su vida.<br \/>\nAl d\u00eda siguiente, 24 de enero de 1977, como repulsa, se hicieron manifestaciones y huelgas en la universidad y se convoc\u00f3 una manifestaci\u00f3n de protesta contra el asesinato de Arturo; en esta manifestaci\u00f3n Mar\u00eda Luisa N\u00e1jera Juli\u00e1n -tambi\u00e9n estudiante de tercer curso de Sociolog\u00eda- mor\u00eda a manos de la polic\u00eda que le dispar\u00f3 un bote de humo contra el cr\u00e1neo; igualmente hubo numerosos heridos. Este mismo d\u00eda, ya de noche, los abogados laboralistas de Atocha eran asesinados a tiros por pistoleros de la derecha en su despacho.<br \/>\nNo, \u201cla transici\u00f3n\u201d ni fue mod\u00e9lica ni fue incruenta.\u00a0 Fue un momento \u00e1lgido de la lucha de clases, d\u00f3nde murieron a manos de la polic\u00eda o de los matones de la extrema derecha cerca de 200 personas, por participar en huelgas y manifestaciones. Y encarcelados, muchos m\u00e1s.<\/p>\n<p><a href=\"https:\/\/vozobrera.org\/periodico\/wp-content\/uploads\/2025\/02\/voz.obrera_1643139628_2759177644375131473_43325197885.jpg\"><img loading=\"lazy\" decoding=\"async\" class=\"alignleft size-full wp-image-15867\" src=\"https:\/\/vozobrera.org\/periodico\/wp-content\/uploads\/2025\/02\/voz.obrera_1643139628_2759177644375131473_43325197885.jpg\" alt=\"\" width=\"480\" height=\"480\" srcset=\"https:\/\/vozobrera.org\/periodico\/wp-content\/uploads\/2025\/02\/voz.obrera_1643139628_2759177644375131473_43325197885.jpg 480w, https:\/\/vozobrera.org\/periodico\/wp-content\/uploads\/2025\/02\/voz.obrera_1643139628_2759177644375131473_43325197885-300x300.jpg 300w, https:\/\/vozobrera.org\/periodico\/wp-content\/uploads\/2025\/02\/voz.obrera_1643139628_2759177644375131473_43325197885-150x150.jpg 150w\" sizes=\"auto, (max-width: 480px) 100vw, 480px\" \/><\/a><\/p>\n","protected":false},"excerpt":{"rendered":"<p>Esta semana ha habido distintos actos conmemorativos en Madrid para recordar que se cumple en enero 45 a\u00f1os del asesinato de Arturo Ruiz Garc\u00eda -estudiante de BUP con 19 a\u00f1os- por parte de un comando de extrema derecha en el transcurso de una manifestaci\u00f3n pro amnist\u00eda; un disparo al coraz\u00f3n acab\u00f3 con su vida. Al&hellip;&nbsp;<a href=\"https:\/\/vozobrera.org\/periodico\/%e2%80%bc%ef%b8%8f45-aniversario-de-la-semana-negra-en-madrid%e2%80%bc%ef%b8%8f\/\" rel=\"bookmark\">Leer m\u00e1s &raquo;<span class=\"screen-reader-text\">\u203c\ufe0f45 ANIVERSARIO DE LA SEMANA NEGRA EN MADRID\u203c\ufe0f<\/span><\/a><\/p>\n","protected":false},"author":5,"featured_media":0,"comment_status":"closed","ping_status":"closed","sticky":false,"template":"","format":"standard","meta":{"neve_meta_sidebar":"","neve_meta_container":"","neve_meta_enable_content_width":"off","neve_meta_content_width":70,"neve_meta_title_alignment":"","neve_meta_author_avatar":"","neve_post_elements_order":"","neve_meta_disable_header":"","neve_meta_disable_footer":"","neve_meta_disable_title":"","footnotes":""},"categories":[677],"tags":[],"class_list":["post-15901","post","type-post","status-publish","format-standard","hentry","category-instagram"],"_links":{"self":[{"href":"https:\/\/vozobrera.org\/periodico\/wp-json\/wp\/v2\/posts\/15901","targetHints":{"allow":["GET"]}}],"collection":[{"href":"https:\/\/vozobrera.org\/periodico\/wp-json\/wp\/v2\/posts"}],"about":[{"href":"https:\/\/vozobrera.org\/periodico\/wp-json\/wp\/v2\/types\/post"}],"author":[{"embeddable":true,"href":"https:\/\/vozobrera.org\/periodico\/wp-json\/wp\/v2\/users\/5"}],"replies":[{"embeddable":true,"href":"https:\/\/vozobrera.org\/periodico\/wp-json\/wp\/v2\/comments?post=15901"}],"version-history":[{"count":1,"href":"https:\/\/vozobrera.org\/periodico\/wp-json\/wp\/v2\/posts\/15901\/revisions"}],"predecessor-version":[{"id":15902,"href":"https:\/\/vozobrera.org\/periodico\/wp-json\/wp\/v2\/posts\/15901\/revisions\/15902"}],"wp:attachment":[{"href":"https:\/\/vozobrera.org\/periodico\/wp-json\/wp\/v2\/media?parent=15901"}],"wp:term":[{"taxonomy":"category","embeddable":true,"href":"https:\/\/vozobrera.org\/periodico\/wp-json\/wp\/v2\/categories?post=15901"},{"taxonomy":"post_tag","embeddable":true,"href":"https:\/\/vozobrera.org\/periodico\/wp-json\/wp\/v2\/tags?post=15901"}],"curies":[{"name":"wp","href":"https:\/\/api.w.org\/{rel}","templated":true}]}}