{"id":15895,"date":"2025-02-06T12:18:12","date_gmt":"2025-02-06T10:18:12","guid":{"rendered":"https:\/\/vozobrera.org\/periodico\/?p=15895"},"modified":"2025-02-06T12:18:12","modified_gmt":"2025-02-06T10:18:12","slug":"%e2%9d%97la-no-derogacion-de-la-reforma-laboral%e2%9d%97","status":"publish","type":"post","link":"https:\/\/vozobrera.org\/periodico\/%e2%9d%97la-no-derogacion-de-la-reforma-laboral%e2%9d%97\/","title":{"rendered":"\u2757LA \u201cNO DEROGACI\u00d3N\u201d DE LA REFORMA LABORAL\u2757"},"content":{"rendered":"<p style=\"text-align: justify;\">Pese al acuerdo de gobierno y el bombo y platillo de UP al respecto, finalmente el gobierno del PSOE-UP decide mantener la reforma laboral de Rajoy de 2012 en sus partes fundamentales. Ni derogaci\u00f3n ni retirada de la mayor\u00eda de sus \u201caspectos m\u00e1s lesivos\u201d.<\/p>\n<p>No se toca el despido: no cambia el despido barato, ni las causas ambiguas para despedir ni se recupera la autorizaci\u00f3n administrativa para los ERE. No se recuperan los salarios de tramitaci\u00f3n, ni se deroga la facilidad de la empresa para modificar casi todas las condiciones de trabajo.<\/p>\n<p>De los pocos aspectos positivos encontramos la recuperaci\u00f3n de la ultraactividad de los convenios y que los salarios de cada sector quedan igualados por el convenio colectivo, aunque se dejan fuera otras condiciones como las horas extras o la jornada, que cada empresa puede modificar a la baja. La declaraci\u00f3n de intenciones en favor del contrato indefinido y en contra de la temporalidad puede quedarse en agua de borrajas, ya que sin tocar el despido no se ponen l\u00edmites reales.<\/p>\n<p>Uno de los lemas de esta \u201creforma\u201d es que se ha conseguido gracias al \u201cdi\u00e1logo social\u201d de las partes. Pero la falta de este di\u00e1logo no impidi\u00f3 a Rajoy en 2012 reformar la ley laboral entera unilateralmente para perjudicar a los trabajadores. Ahora, para ir en sentido contrario, todo son reservas.<\/p>\n<p>En conclusi\u00f3n, la relaci\u00f3n de fuerzas en favor de la clase trabajadora no mejorar\u00e1 en el plano de la legislaci\u00f3n, pero no debemos olvidar que son las luchas obreras, y no la labor de un ministerio, las que traer\u00e1n mejoras para nuestra clase.<\/p>\n<p><a href=\"https:\/\/vozobrera.org\/periodico\/wp-content\/uploads\/2025\/02\/voz.obrera_1640728637_2738952783081442387_43325197885.jpg\"><img loading=\"lazy\" decoding=\"async\" class=\"alignleft size-full wp-image-15870\" src=\"https:\/\/vozobrera.org\/periodico\/wp-content\/uploads\/2025\/02\/voz.obrera_1640728637_2738952783081442387_43325197885.jpg\" alt=\"\" width=\"900\" height=\"900\" srcset=\"https:\/\/vozobrera.org\/periodico\/wp-content\/uploads\/2025\/02\/voz.obrera_1640728637_2738952783081442387_43325197885.jpg 900w, https:\/\/vozobrera.org\/periodico\/wp-content\/uploads\/2025\/02\/voz.obrera_1640728637_2738952783081442387_43325197885-300x300.jpg 300w, https:\/\/vozobrera.org\/periodico\/wp-content\/uploads\/2025\/02\/voz.obrera_1640728637_2738952783081442387_43325197885-150x150.jpg 150w, https:\/\/vozobrera.org\/periodico\/wp-content\/uploads\/2025\/02\/voz.obrera_1640728637_2738952783081442387_43325197885-768x768.jpg 768w\" sizes=\"auto, (max-width: 900px) 100vw, 900px\" \/><\/a><\/p>\n","protected":false},"excerpt":{"rendered":"<p>Pese al acuerdo de gobierno y el bombo y platillo de UP al respecto, finalmente el gobierno del PSOE-UP decide mantener la reforma laboral de Rajoy de 2012 en sus partes fundamentales. Ni derogaci\u00f3n ni retirada de la mayor\u00eda de sus \u201caspectos m\u00e1s lesivos\u201d. No se toca el despido: no cambia el despido barato, ni&hellip;&nbsp;<a href=\"https:\/\/vozobrera.org\/periodico\/%e2%9d%97la-no-derogacion-de-la-reforma-laboral%e2%9d%97\/\" rel=\"bookmark\">Leer m\u00e1s &raquo;<span class=\"screen-reader-text\">\u2757LA \u201cNO DEROGACI\u00d3N\u201d DE LA REFORMA LABORAL\u2757<\/span><\/a><\/p>\n","protected":false},"author":5,"featured_media":0,"comment_status":"closed","ping_status":"closed","sticky":false,"template":"","format":"standard","meta":{"neve_meta_sidebar":"","neve_meta_container":"","neve_meta_enable_content_width":"off","neve_meta_content_width":70,"neve_meta_title_alignment":"","neve_meta_author_avatar":"","neve_post_elements_order":"","neve_meta_disable_header":"","neve_meta_disable_footer":"","neve_meta_disable_title":"","footnotes":""},"categories":[677],"tags":[],"class_list":["post-15895","post","type-post","status-publish","format-standard","hentry","category-instagram"],"_links":{"self":[{"href":"https:\/\/vozobrera.org\/periodico\/wp-json\/wp\/v2\/posts\/15895","targetHints":{"allow":["GET"]}}],"collection":[{"href":"https:\/\/vozobrera.org\/periodico\/wp-json\/wp\/v2\/posts"}],"about":[{"href":"https:\/\/vozobrera.org\/periodico\/wp-json\/wp\/v2\/types\/post"}],"author":[{"embeddable":true,"href":"https:\/\/vozobrera.org\/periodico\/wp-json\/wp\/v2\/users\/5"}],"replies":[{"embeddable":true,"href":"https:\/\/vozobrera.org\/periodico\/wp-json\/wp\/v2\/comments?post=15895"}],"version-history":[{"count":1,"href":"https:\/\/vozobrera.org\/periodico\/wp-json\/wp\/v2\/posts\/15895\/revisions"}],"predecessor-version":[{"id":15896,"href":"https:\/\/vozobrera.org\/periodico\/wp-json\/wp\/v2\/posts\/15895\/revisions\/15896"}],"wp:attachment":[{"href":"https:\/\/vozobrera.org\/periodico\/wp-json\/wp\/v2\/media?parent=15895"}],"wp:term":[{"taxonomy":"category","embeddable":true,"href":"https:\/\/vozobrera.org\/periodico\/wp-json\/wp\/v2\/categories?post=15895"},{"taxonomy":"post_tag","embeddable":true,"href":"https:\/\/vozobrera.org\/periodico\/wp-json\/wp\/v2\/tags?post=15895"}],"curies":[{"name":"wp","href":"https:\/\/api.w.org\/{rel}","templated":true}]}}