{"id":15893,"date":"2025-02-06T12:17:28","date_gmt":"2025-02-06T10:17:28","guid":{"rendered":"https:\/\/vozobrera.org\/periodico\/?p=15893"},"modified":"2025-02-06T12:17:28","modified_gmt":"2025-02-06T10:17:28","slug":"%e2%9d%975-manifestantes-de-la-lucha-del-metal-detenidos-%e2%9d%97","status":"publish","type":"post","link":"https:\/\/vozobrera.org\/periodico\/%e2%9d%975-manifestantes-de-la-lucha-del-metal-detenidos-%e2%9d%97\/","title":{"rendered":"\u27575 MANIFESTANTES DE LA LUCHA DEL METAL DETENIDOS \u2757"},"content":{"rendered":"<p style=\"text-align: justify;\">Hace unas semanas hubo unas multitudinarias protestas de los trabajadores del metal en C\u00e1diz que estaban en huelga por la mejora de su convenio. Para reprimirlas el gobierno envi\u00f3, como todos recordamos, un importante contingente antidisturbios y hasta una tanqueta.<br \/>\nNo contentos con eso, el pasado jueves fueron detenidos 5 participantes de aquellas manifestaciones a los que se acusa de desobediencia, lesiones, atentado y varios delitos m\u00e1s. Se les podr\u00eda haber citado ante el juez, pero se ha preferido arrestarlos en una acci\u00f3n de castigo ejemplar para el resto de trabajadores. Se ha elegido a dedo a estas 5 personas, filtr\u00e1ndose a la prensa que dos ten\u00edan antecedentes penales para desacreditar la lucha de miles de familias.<br \/>\nY es que el objetivo de estas detenciones no es otro que desincentivar m\u00e1s movilizaciones obreras como esta en un contexto de crisis econ\u00f3mica y social. La huelga del metal en C\u00e1diz ha sido un ejemplo de lucha para toda la clase trabajadora, el gobierno y los empresarios lo saben y temen que se siga el ejemplo.<br \/>\nY es que dentro del capitalismo la funci\u00f3n del Estado no es otra que defender los intereses de la patronal, \u00a1gobierne quien gobierne! La clase obrera con su lucha es la \u00fanica que puede conseguir cambiar esta sociedad. Si ganamos conciencia de esto, prepararemos las victorias futuras.<br \/>\n\u00a1Toda nuestra solidaridad con los represaliados de la lucha del metal!<\/p>\n<p><a href=\"https:\/\/vozobrera.org\/periodico\/wp-content\/uploads\/2025\/02\/voz.obrera_1640040105_2733176961938652972_43325197885.jpg\"><img loading=\"lazy\" decoding=\"async\" class=\"alignleft size-full wp-image-15871\" src=\"https:\/\/vozobrera.org\/periodico\/wp-content\/uploads\/2025\/02\/voz.obrera_1640040105_2733176961938652972_43325197885.jpg\" alt=\"\" width=\"1015\" height=\"1015\" srcset=\"https:\/\/vozobrera.org\/periodico\/wp-content\/uploads\/2025\/02\/voz.obrera_1640040105_2733176961938652972_43325197885.jpg 1015w, https:\/\/vozobrera.org\/periodico\/wp-content\/uploads\/2025\/02\/voz.obrera_1640040105_2733176961938652972_43325197885-300x300.jpg 300w, https:\/\/vozobrera.org\/periodico\/wp-content\/uploads\/2025\/02\/voz.obrera_1640040105_2733176961938652972_43325197885-150x150.jpg 150w, https:\/\/vozobrera.org\/periodico\/wp-content\/uploads\/2025\/02\/voz.obrera_1640040105_2733176961938652972_43325197885-768x768.jpg 768w\" sizes=\"auto, (max-width: 1015px) 100vw, 1015px\" \/><\/a><\/p>\n","protected":false},"excerpt":{"rendered":"<p>Hace unas semanas hubo unas multitudinarias protestas de los trabajadores del metal en C\u00e1diz que estaban en huelga por la mejora de su convenio. Para reprimirlas el gobierno envi\u00f3, como todos recordamos, un importante contingente antidisturbios y hasta una tanqueta. No contentos con eso, el pasado jueves fueron detenidos 5 participantes de aquellas manifestaciones a&hellip;&nbsp;<a href=\"https:\/\/vozobrera.org\/periodico\/%e2%9d%975-manifestantes-de-la-lucha-del-metal-detenidos-%e2%9d%97\/\" rel=\"bookmark\">Leer m\u00e1s &raquo;<span class=\"screen-reader-text\">\u27575 MANIFESTANTES DE LA LUCHA DEL METAL DETENIDOS \u2757<\/span><\/a><\/p>\n","protected":false},"author":5,"featured_media":0,"comment_status":"closed","ping_status":"closed","sticky":false,"template":"","format":"standard","meta":{"neve_meta_sidebar":"","neve_meta_container":"","neve_meta_enable_content_width":"off","neve_meta_content_width":70,"neve_meta_title_alignment":"","neve_meta_author_avatar":"","neve_post_elements_order":"","neve_meta_disable_header":"","neve_meta_disable_footer":"","neve_meta_disable_title":"","footnotes":""},"categories":[677],"tags":[],"class_list":["post-15893","post","type-post","status-publish","format-standard","hentry","category-instagram"],"_links":{"self":[{"href":"https:\/\/vozobrera.org\/periodico\/wp-json\/wp\/v2\/posts\/15893","targetHints":{"allow":["GET"]}}],"collection":[{"href":"https:\/\/vozobrera.org\/periodico\/wp-json\/wp\/v2\/posts"}],"about":[{"href":"https:\/\/vozobrera.org\/periodico\/wp-json\/wp\/v2\/types\/post"}],"author":[{"embeddable":true,"href":"https:\/\/vozobrera.org\/periodico\/wp-json\/wp\/v2\/users\/5"}],"replies":[{"embeddable":true,"href":"https:\/\/vozobrera.org\/periodico\/wp-json\/wp\/v2\/comments?post=15893"}],"version-history":[{"count":1,"href":"https:\/\/vozobrera.org\/periodico\/wp-json\/wp\/v2\/posts\/15893\/revisions"}],"predecessor-version":[{"id":15894,"href":"https:\/\/vozobrera.org\/periodico\/wp-json\/wp\/v2\/posts\/15893\/revisions\/15894"}],"wp:attachment":[{"href":"https:\/\/vozobrera.org\/periodico\/wp-json\/wp\/v2\/media?parent=15893"}],"wp:term":[{"taxonomy":"category","embeddable":true,"href":"https:\/\/vozobrera.org\/periodico\/wp-json\/wp\/v2\/categories?post=15893"},{"taxonomy":"post_tag","embeddable":true,"href":"https:\/\/vozobrera.org\/periodico\/wp-json\/wp\/v2\/tags?post=15893"}],"curies":[{"name":"wp","href":"https:\/\/api.w.org\/{rel}","templated":true}]}}