{"id":15726,"date":"2025-02-02T15:26:19","date_gmt":"2025-02-02T13:26:19","guid":{"rendered":"https:\/\/vozobrera.org\/periodico\/?p=15726"},"modified":"2025-02-02T15:26:19","modified_gmt":"2025-02-02T13:26:19","slug":"%e2%9d%97%e2%9d%97%e2%9d%97importante-movilizaciones-en-tunez%e2%9d%97%e2%9d%97%e2%9d%97","status":"publish","type":"post","link":"https:\/\/vozobrera.org\/periodico\/%e2%9d%97%e2%9d%97%e2%9d%97importante-movilizaciones-en-tunez%e2%9d%97%e2%9d%97%e2%9d%97\/","title":{"rendered":"\u2757\u2757\u2757IMPORTANTE: MOVILIZACIONES EN T\u00daNEZ\u2757\u2757\u2757"},"content":{"rendered":"<p>Con una escalada de casos fuera de control, la poblaci\u00f3n en T\u00fanez ha vuelto a salir a las calles de forma masiva para protestar contra su gobierno por la falta de recursos para combatir la pandemia y de medidas tendentes a ayudar a superar las m\u00faltiples dificultades. Gran parte de la poblaci\u00f3n sufre el desempleo, sin embargo, muchos de los que trabajan, desde cafeter\u00edas a comercios o empleados del hogar, carecen de seguros sociales. Y a esta situaci\u00f3n hay que a\u00f1adir las ayudas econ\u00f3micas que el gobierno s\u00ed destina a algunas empresas.<br \/>\nEste lunes 27 de julio, el actual presidente Kais Saied ha destituido al primer ministro Hichem Mechichia, poniendo en su lugar a otro ministro de su confianza, pretendiendo responder as\u00ed a algunas de las demandas de la poblaci\u00f3n, que pide cambios. Los opositores consideran esta actuaci\u00f3n como un golpe de estado encubierto mientras la poblaci\u00f3n ha salido a las calles a festejar la destituci\u00f3n del primer ministro. Miles de personas se hab\u00edan manifestado contra el partido gobernante gritando \u201c\u00a1Fuera!\u201d y pidiendo la disoluci\u00f3n del parlamento.<br \/>\nSaied ha respondido con la militarizaci\u00f3n del pa\u00eds para combatir las protestas y el anuncio de la disoluci\u00f3n del parlamento. Mientras, la situaci\u00f3n para la poblaci\u00f3n no ha cambiado en nada. Las autoridades sanitarias temen la famosa \u00absegunda ola\u00bb de contagios. Pero lo que se divisa claramente en el horizonte de T\u00fanez es una crisis social seguramente sin precedentes.<br \/>\nPor todo ello, hace falta un nuevo estallido social consciente y dirigido por los propios trabajadores, con un programa de lucha com\u00fan, liderado por un verdadero partido obrero. Sin ese partido, la clase que produce la riqueza en el mundo no tendr\u00e1 oportunidad de hacer valer sus intereses por encima de la burgues\u00eda y el capital.<\/p>\n<p><a href=\"https:\/\/vozobrera.org\/periodico\/wp-content\/uploads\/2025\/02\/voz.obrera_1627579107_2628646536808766350_43325197885.jpg\"><img loading=\"lazy\" decoding=\"async\" class=\"alignleft size-full wp-image-15716\" src=\"https:\/\/vozobrera.org\/periodico\/wp-content\/uploads\/2025\/02\/voz.obrera_1627579107_2628646536808766350_43325197885.jpg\" alt=\"\" width=\"608\" height=\"608\" srcset=\"https:\/\/vozobrera.org\/periodico\/wp-content\/uploads\/2025\/02\/voz.obrera_1627579107_2628646536808766350_43325197885.jpg 608w, https:\/\/vozobrera.org\/periodico\/wp-content\/uploads\/2025\/02\/voz.obrera_1627579107_2628646536808766350_43325197885-300x300.jpg 300w, https:\/\/vozobrera.org\/periodico\/wp-content\/uploads\/2025\/02\/voz.obrera_1627579107_2628646536808766350_43325197885-150x150.jpg 150w\" sizes=\"auto, (max-width: 608px) 100vw, 608px\" \/><\/a><\/p>\n","protected":false},"excerpt":{"rendered":"<p>Con una escalada de casos fuera de control, la poblaci\u00f3n en T\u00fanez ha vuelto a salir a las calles de forma masiva para protestar contra su gobierno por la falta de recursos para combatir la pandemia y de medidas tendentes a ayudar a superar las m\u00faltiples dificultades. Gran parte de la poblaci\u00f3n sufre el desempleo,&hellip;&nbsp;<a href=\"https:\/\/vozobrera.org\/periodico\/%e2%9d%97%e2%9d%97%e2%9d%97importante-movilizaciones-en-tunez%e2%9d%97%e2%9d%97%e2%9d%97\/\" rel=\"bookmark\">Leer m\u00e1s &raquo;<span class=\"screen-reader-text\">\u2757\u2757\u2757IMPORTANTE: MOVILIZACIONES EN T\u00daNEZ\u2757\u2757\u2757<\/span><\/a><\/p>\n","protected":false},"author":5,"featured_media":0,"comment_status":"closed","ping_status":"closed","sticky":false,"template":"","format":"standard","meta":{"neve_meta_sidebar":"","neve_meta_container":"","neve_meta_enable_content_width":"off","neve_meta_content_width":70,"neve_meta_title_alignment":"","neve_meta_author_avatar":"","neve_post_elements_order":"","neve_meta_disable_header":"","neve_meta_disable_footer":"","neve_meta_disable_title":"","footnotes":""},"categories":[677],"tags":[],"class_list":["post-15726","post","type-post","status-publish","format-standard","hentry","category-instagram"],"_links":{"self":[{"href":"https:\/\/vozobrera.org\/periodico\/wp-json\/wp\/v2\/posts\/15726","targetHints":{"allow":["GET"]}}],"collection":[{"href":"https:\/\/vozobrera.org\/periodico\/wp-json\/wp\/v2\/posts"}],"about":[{"href":"https:\/\/vozobrera.org\/periodico\/wp-json\/wp\/v2\/types\/post"}],"author":[{"embeddable":true,"href":"https:\/\/vozobrera.org\/periodico\/wp-json\/wp\/v2\/users\/5"}],"replies":[{"embeddable":true,"href":"https:\/\/vozobrera.org\/periodico\/wp-json\/wp\/v2\/comments?post=15726"}],"version-history":[{"count":1,"href":"https:\/\/vozobrera.org\/periodico\/wp-json\/wp\/v2\/posts\/15726\/revisions"}],"predecessor-version":[{"id":15727,"href":"https:\/\/vozobrera.org\/periodico\/wp-json\/wp\/v2\/posts\/15726\/revisions\/15727"}],"wp:attachment":[{"href":"https:\/\/vozobrera.org\/periodico\/wp-json\/wp\/v2\/media?parent=15726"}],"wp:term":[{"taxonomy":"category","embeddable":true,"href":"https:\/\/vozobrera.org\/periodico\/wp-json\/wp\/v2\/categories?post=15726"},{"taxonomy":"post_tag","embeddable":true,"href":"https:\/\/vozobrera.org\/periodico\/wp-json\/wp\/v2\/tags?post=15726"}],"curies":[{"name":"wp","href":"https:\/\/api.w.org\/{rel}","templated":true}]}}