{"id":15724,"date":"2025-02-02T15:25:51","date_gmt":"2025-02-02T13:25:51","guid":{"rendered":"https:\/\/vozobrera.org\/periodico\/?p=15724"},"modified":"2025-02-02T15:25:51","modified_gmt":"2025-02-02T13:25:51","slug":"no-a-la-subida-de-la-luz","status":"publish","type":"post","link":"https:\/\/vozobrera.org\/periodico\/no-a-la-subida-de-la-luz\/","title":{"rendered":"\u00a1NO A LA SUBIDA DE LA LUZ!"},"content":{"rendered":"<p>El pasado martes el precio de la luz en Espa\u00f1a alcanz\u00f3 un m\u00e1ximo hist\u00f3rico de 111 euros, superando el antiguo m\u00e1ximo de 103\u20ac de 2002.<br \/>\nLas razones que se dan: la subida del precio de mercado del gas y la subida tambi\u00e9n, a nivel europeo, de los derechos de emisi\u00f3n de \u00f3xido de carbono (que tienen que pagar las industrias contaminantes). Esto en primer lugar significa que las el\u00e9ctricas est\u00e1n trasladando todos estos aumentos al consumidor final, para mantener altos sus m\u00e1rgenes de beneficio (nada nuevo bajo el sol) haciendo imposible salir adelante para muchas familias. Por otra parte, implica que se est\u00e1 cargando el precio del cambio clim\u00e1tico sobre las espaldas de la clase trabajadora.<br \/>\nPero esto no explica toda la subida, no dependemos solamente del gas. Diariamente se fijan los precios de la luz en el mercado, donde las compa\u00f1\u00edas lanzan sus ofertas. Las primeras en entrar son las m\u00e1s baratas: nuclear y renovables. Si toda la demanda energ\u00e9tica de esa hora no se cubre con estas, entran las energ\u00edas caras como el gas. Pero de manera que toda la energ\u00eda contratada a esa hora se paga al precio de la energ\u00eda m\u00e1s cara que entr\u00f3. Esto se llama sistema marginalista y es lo que algunos periodistas se han referido como \u201cpagar pollo a precio de solomillo\u201d.<br \/>\nEsto implica que centrales nucleares o hidroel\u00e9ctricas, por ejemplo, que producen una energ\u00eda barata, -han sido amortizadas hace muchos a\u00f1os, fueron privatizadas a precios de saldo y usan recursos p\u00fablicos, como el agua- para funcionar est\u00e1n especulando y sacando grandes beneficios a costa de la sociedad.<br \/>\nMientras, el gobierno ha puesto un parche: bajar el IVA de la luz del 21% al 10%, una medida insuficiente, ya que el IVA no es un factor tan importante en el precio final de la luz, sino los que hemos mencionado, y apenas supone una rebaja de solo un 5% en la factura. Dentro de este sistema capitalista, los beneficios privados no tienen ning\u00fan control, y solo encontraremos una soluci\u00f3n cuando los trabajadores tomen en sus manos la sociedad, las el\u00e9ctricas incluidas, y las hagan funcionar en inter\u00e9s social.<\/p>\n<p><a href=\"https:\/\/vozobrera.org\/periodico\/wp-content\/uploads\/2025\/02\/voz.obrera_1627330061_2626557380469202916_43325197885.jpg\"><img loading=\"lazy\" decoding=\"async\" class=\"alignleft size-full wp-image-15717\" src=\"https:\/\/vozobrera.org\/periodico\/wp-content\/uploads\/2025\/02\/voz.obrera_1627330061_2626557380469202916_43325197885.jpg\" alt=\"\" width=\"415\" height=\"416\" srcset=\"https:\/\/vozobrera.org\/periodico\/wp-content\/uploads\/2025\/02\/voz.obrera_1627330061_2626557380469202916_43325197885.jpg 415w, https:\/\/vozobrera.org\/periodico\/wp-content\/uploads\/2025\/02\/voz.obrera_1627330061_2626557380469202916_43325197885-300x300.jpg 300w, https:\/\/vozobrera.org\/periodico\/wp-content\/uploads\/2025\/02\/voz.obrera_1627330061_2626557380469202916_43325197885-150x150.jpg 150w\" sizes=\"auto, (max-width: 415px) 100vw, 415px\" \/><\/a><\/p>\n","protected":false},"excerpt":{"rendered":"<p>El pasado martes el precio de la luz en Espa\u00f1a alcanz\u00f3 un m\u00e1ximo hist\u00f3rico de 111 euros, superando el antiguo m\u00e1ximo de 103\u20ac de 2002. Las razones que se dan: la subida del precio de mercado del gas y la subida tambi\u00e9n, a nivel europeo, de los derechos de emisi\u00f3n de \u00f3xido de carbono (que&hellip;&nbsp;<a href=\"https:\/\/vozobrera.org\/periodico\/no-a-la-subida-de-la-luz\/\" rel=\"bookmark\">Leer m\u00e1s &raquo;<span class=\"screen-reader-text\">\u00a1NO A LA SUBIDA DE LA LUZ!<\/span><\/a><\/p>\n","protected":false},"author":5,"featured_media":0,"comment_status":"closed","ping_status":"closed","sticky":false,"template":"","format":"standard","meta":{"neve_meta_sidebar":"","neve_meta_container":"","neve_meta_enable_content_width":"off","neve_meta_content_width":70,"neve_meta_title_alignment":"","neve_meta_author_avatar":"","neve_post_elements_order":"","neve_meta_disable_header":"","neve_meta_disable_footer":"","neve_meta_disable_title":"","footnotes":""},"categories":[677],"tags":[],"class_list":["post-15724","post","type-post","status-publish","format-standard","hentry","category-instagram"],"_links":{"self":[{"href":"https:\/\/vozobrera.org\/periodico\/wp-json\/wp\/v2\/posts\/15724","targetHints":{"allow":["GET"]}}],"collection":[{"href":"https:\/\/vozobrera.org\/periodico\/wp-json\/wp\/v2\/posts"}],"about":[{"href":"https:\/\/vozobrera.org\/periodico\/wp-json\/wp\/v2\/types\/post"}],"author":[{"embeddable":true,"href":"https:\/\/vozobrera.org\/periodico\/wp-json\/wp\/v2\/users\/5"}],"replies":[{"embeddable":true,"href":"https:\/\/vozobrera.org\/periodico\/wp-json\/wp\/v2\/comments?post=15724"}],"version-history":[{"count":1,"href":"https:\/\/vozobrera.org\/periodico\/wp-json\/wp\/v2\/posts\/15724\/revisions"}],"predecessor-version":[{"id":15725,"href":"https:\/\/vozobrera.org\/periodico\/wp-json\/wp\/v2\/posts\/15724\/revisions\/15725"}],"wp:attachment":[{"href":"https:\/\/vozobrera.org\/periodico\/wp-json\/wp\/v2\/media?parent=15724"}],"wp:term":[{"taxonomy":"category","embeddable":true,"href":"https:\/\/vozobrera.org\/periodico\/wp-json\/wp\/v2\/categories?post=15724"},{"taxonomy":"post_tag","embeddable":true,"href":"https:\/\/vozobrera.org\/periodico\/wp-json\/wp\/v2\/tags?post=15724"}],"curies":[{"name":"wp","href":"https:\/\/api.w.org\/{rel}","templated":true}]}}