{"id":15697,"date":"2025-02-02T15:16:36","date_gmt":"2025-02-02T13:16:36","guid":{"rendered":"https:\/\/vozobrera.org\/periodico\/?p=15697"},"modified":"2025-02-02T15:16:36","modified_gmt":"2025-02-02T13:16:36","slug":"%e2%9d%97%e2%9d%97%e2%9d%97importante-agresiones-homofobas-%e2%9d%97%e2%9d%97%e2%9d%97","status":"publish","type":"post","link":"https:\/\/vozobrera.org\/periodico\/%e2%9d%97%e2%9d%97%e2%9d%97importante-agresiones-homofobas-%e2%9d%97%e2%9d%97%e2%9d%97\/","title":{"rendered":"\u2757\u2757\u2757IMPORTANTE: AGRESIONES HOMOFOBAS \u2757\u2757\u2757"},"content":{"rendered":"<p>Todas estas agresiones cometidas a personas pertenecientes al colectivo LGTBI no son una simple coincidencia. Tiene unos culpables, que no es otro que la extrema derecha y los medios privados que ofrecen espacios y dan voz a estas organizaciones pol\u00edticas reaccionarias y ultra conservadoras, hasta el punto de normalizar los discursos de odio hacia los inmigrantes, las mujeres, las personas trans, homosexuales y dem\u00e1s personas pertenecientes a dicho colectivo. Estos medios de comunicaci\u00f3n propiedad de bancos y empresas privadas les proporcionan visibilidad y los muestran como una opci\u00f3n democr\u00e1tica m\u00e1s. Independientemente de la raza, g\u00e9nero u orientaci\u00f3n sexual, pertenecemos a una misma clase social, que es la clase trabajadora por mucho que la extrema derecha intente dividir y enfrentar a los trabajadores. La extrema derecha como Vox y derivados son la respuesta m\u00e1s putrefacta del capitalismo y una de sus pretensiones es impedir la uni\u00f3n de la clase obrera. No hay m\u00e1s opci\u00f3n que organizar a los trabajadores para combatir a la ultra derecha y al estado capitalista.<\/p>\n<p><a href=\"https:\/\/vozobrera.org\/periodico\/wp-content\/uploads\/2025\/02\/voz.obrera_1625563583_2611739090278518873_43325197885.jpg\"><img loading=\"lazy\" decoding=\"async\" class=\"alignleft size-full wp-image-15655\" src=\"https:\/\/vozobrera.org\/periodico\/wp-content\/uploads\/2025\/02\/voz.obrera_1625563583_2611739090278518873_43325197885.jpg\" alt=\"\" width=\"1080\" height=\"1080\" srcset=\"https:\/\/vozobrera.org\/periodico\/wp-content\/uploads\/2025\/02\/voz.obrera_1625563583_2611739090278518873_43325197885.jpg 1080w, https:\/\/vozobrera.org\/periodico\/wp-content\/uploads\/2025\/02\/voz.obrera_1625563583_2611739090278518873_43325197885-300x300.jpg 300w, https:\/\/vozobrera.org\/periodico\/wp-content\/uploads\/2025\/02\/voz.obrera_1625563583_2611739090278518873_43325197885-1024x1024.jpg 1024w, https:\/\/vozobrera.org\/periodico\/wp-content\/uploads\/2025\/02\/voz.obrera_1625563583_2611739090278518873_43325197885-150x150.jpg 150w, https:\/\/vozobrera.org\/periodico\/wp-content\/uploads\/2025\/02\/voz.obrera_1625563583_2611739090278518873_43325197885-768x768.jpg 768w\" sizes=\"auto, (max-width: 1080px) 100vw, 1080px\" \/><\/a><\/p>\n","protected":false},"excerpt":{"rendered":"<p>Todas estas agresiones cometidas a personas pertenecientes al colectivo LGTBI no son una simple coincidencia. Tiene unos culpables, que no es otro que la extrema derecha y los medios privados que ofrecen espacios y dan voz a estas organizaciones pol\u00edticas reaccionarias y ultra conservadoras, hasta el punto de normalizar los discursos de odio hacia los&hellip;&nbsp;<a href=\"https:\/\/vozobrera.org\/periodico\/%e2%9d%97%e2%9d%97%e2%9d%97importante-agresiones-homofobas-%e2%9d%97%e2%9d%97%e2%9d%97\/\" rel=\"bookmark\">Leer m\u00e1s &raquo;<span class=\"screen-reader-text\">\u2757\u2757\u2757IMPORTANTE: AGRESIONES HOMOFOBAS \u2757\u2757\u2757<\/span><\/a><\/p>\n","protected":false},"author":5,"featured_media":0,"comment_status":"closed","ping_status":"closed","sticky":false,"template":"","format":"standard","meta":{"neve_meta_sidebar":"","neve_meta_container":"","neve_meta_enable_content_width":"off","neve_meta_content_width":70,"neve_meta_title_alignment":"","neve_meta_author_avatar":"","neve_post_elements_order":"","neve_meta_disable_header":"","neve_meta_disable_footer":"","neve_meta_disable_title":"","footnotes":""},"categories":[677],"tags":[],"class_list":["post-15697","post","type-post","status-publish","format-standard","hentry","category-instagram"],"_links":{"self":[{"href":"https:\/\/vozobrera.org\/periodico\/wp-json\/wp\/v2\/posts\/15697","targetHints":{"allow":["GET"]}}],"collection":[{"href":"https:\/\/vozobrera.org\/periodico\/wp-json\/wp\/v2\/posts"}],"about":[{"href":"https:\/\/vozobrera.org\/periodico\/wp-json\/wp\/v2\/types\/post"}],"author":[{"embeddable":true,"href":"https:\/\/vozobrera.org\/periodico\/wp-json\/wp\/v2\/users\/5"}],"replies":[{"embeddable":true,"href":"https:\/\/vozobrera.org\/periodico\/wp-json\/wp\/v2\/comments?post=15697"}],"version-history":[{"count":1,"href":"https:\/\/vozobrera.org\/periodico\/wp-json\/wp\/v2\/posts\/15697\/revisions"}],"predecessor-version":[{"id":15698,"href":"https:\/\/vozobrera.org\/periodico\/wp-json\/wp\/v2\/posts\/15697\/revisions\/15698"}],"wp:attachment":[{"href":"https:\/\/vozobrera.org\/periodico\/wp-json\/wp\/v2\/media?parent=15697"}],"wp:term":[{"taxonomy":"category","embeddable":true,"href":"https:\/\/vozobrera.org\/periodico\/wp-json\/wp\/v2\/categories?post=15697"},{"taxonomy":"post_tag","embeddable":true,"href":"https:\/\/vozobrera.org\/periodico\/wp-json\/wp\/v2\/tags?post=15697"}],"curies":[{"name":"wp","href":"https:\/\/api.w.org\/{rel}","templated":true}]}}