{"id":15695,"date":"2025-02-02T15:16:08","date_gmt":"2025-02-02T13:16:08","guid":{"rendered":"https:\/\/vozobrera.org\/periodico\/?p=15695"},"modified":"2025-02-02T15:16:08","modified_gmt":"2025-02-02T13:16:08","slug":"la-irresponsabilidad-durante-la-covid-arriesga-vidas","status":"publish","type":"post","link":"https:\/\/vozobrera.org\/periodico\/la-irresponsabilidad-durante-la-covid-arriesga-vidas\/","title":{"rendered":"\u00a1LA IRRESPONSABILIDAD DURANTE LA COVID ARRIESGA VIDAS!"},"content":{"rendered":"<p>En los \u00faltimos d\u00edas todos hemos visto el brote de un grupo de estudiantes que veraneaban en Mallorca en un hotel de 4 estrellas. Ante la cuarentena a la que se han visto obligados a cumplir (dieron positivo 69 de 249) ellos y sus padres han respondido con innumerables quejas contra la \u201cdetenci\u00f3n ilegal\u201d de sus hijos, han clamado por la libertad de los que dieron negativo (pese a que la cuarentena deben cumplirla aquellos que han tenido contacto estrecho, pese a dar negativo en un primer test), etc. Finalmente una jueza ha decidido que los negativos pueden salir, y no ha tardado en saberse que de los negativos que han vuelto a sus respectivas comunidades, bastantes ya se hab\u00edan convertido en positivos (como la mitad del avi\u00f3n que fue de Mallorca a Galicia, que ha provocado un macrobrote de 155 casos y 700 cuarentenados).<br \/>\nAnte tal desprop\u00f3sito contra la salud colectiva, mucha gente se ha indignado, con raz\u00f3n. Una cuarentena es algo serio, que muchas personas han tenido que sufrir de manera responsable porque est\u00e1 en juego la salud de todos, y nadie deber\u00eda tener el privilegio de salt\u00e1rsela (nos gustar\u00eda que los jueces hubieran encontrado igual atentado contra las libertades en las condiciones infrahumanas de los temporeros sin papeles que han dado positivo).<br \/>\nY es que, so pretexto de salvar la econom\u00eda, cada vez el gobierno se est\u00e1 descuidando m\u00e1s en materia sanitaria. Muchos expertos avisan: estamos entrando en la 5\u00aa ola, se expanden las nuevas variantes virulentas y no llegamos al 40% de vacunados. Y mientras, se reabre el ocio nocturno, se permite total movilidad y ocio tur\u00edstico, y se retira la obligatoriedad de llevar mascarilla en espacios abiertos. Por \u00faltimo se pierde el amparo legal para decretar cuarentenas f\u00e1cilmente, con el fin del estado de alarma. Hay gente que sigue siendo responsable, pero se deja la puerta abierta a cualquiera que, de forma individualista, solo busque pas\u00e1rselo bien a costa de todos. Estos sucesos contra la salud colectiva parecen el mal menor para un gobierno cuyo \u00fanico objetivo parece ser cada vez m\u00e1s salvar el lucro privado a cualquier precio, incluso aunque el macrobrote ha provocado el cierre del ocio nocturno en Pontevedra.<\/p>\n<p><a href=\"https:\/\/vozobrera.org\/periodico\/wp-content\/uploads\/2025\/02\/voz.obrera_1625261099_2609201670702072739_43325197885.jpg\"><img loading=\"lazy\" decoding=\"async\" class=\"alignleft size-full wp-image-15656\" src=\"https:\/\/vozobrera.org\/periodico\/wp-content\/uploads\/2025\/02\/voz.obrera_1625261099_2609201670702072739_43325197885.jpg\" alt=\"\" width=\"560\" height=\"560\" srcset=\"https:\/\/vozobrera.org\/periodico\/wp-content\/uploads\/2025\/02\/voz.obrera_1625261099_2609201670702072739_43325197885.jpg 560w, https:\/\/vozobrera.org\/periodico\/wp-content\/uploads\/2025\/02\/voz.obrera_1625261099_2609201670702072739_43325197885-300x300.jpg 300w, https:\/\/vozobrera.org\/periodico\/wp-content\/uploads\/2025\/02\/voz.obrera_1625261099_2609201670702072739_43325197885-150x150.jpg 150w\" sizes=\"auto, (max-width: 560px) 100vw, 560px\" \/><\/a><\/p>\n","protected":false},"excerpt":{"rendered":"<p>En los \u00faltimos d\u00edas todos hemos visto el brote de un grupo de estudiantes que veraneaban en Mallorca en un hotel de 4 estrellas. Ante la cuarentena a la que se han visto obligados a cumplir (dieron positivo 69 de 249) ellos y sus padres han respondido con innumerables quejas contra la \u201cdetenci\u00f3n ilegal\u201d de&hellip;&nbsp;<a href=\"https:\/\/vozobrera.org\/periodico\/la-irresponsabilidad-durante-la-covid-arriesga-vidas\/\" rel=\"bookmark\">Leer m\u00e1s &raquo;<span class=\"screen-reader-text\">\u00a1LA IRRESPONSABILIDAD DURANTE LA COVID ARRIESGA VIDAS!<\/span><\/a><\/p>\n","protected":false},"author":5,"featured_media":0,"comment_status":"closed","ping_status":"closed","sticky":false,"template":"","format":"standard","meta":{"neve_meta_sidebar":"","neve_meta_container":"","neve_meta_enable_content_width":"off","neve_meta_content_width":70,"neve_meta_title_alignment":"","neve_meta_author_avatar":"","neve_post_elements_order":"","neve_meta_disable_header":"","neve_meta_disable_footer":"","neve_meta_disable_title":"","footnotes":""},"categories":[677],"tags":[],"class_list":["post-15695","post","type-post","status-publish","format-standard","hentry","category-instagram"],"_links":{"self":[{"href":"https:\/\/vozobrera.org\/periodico\/wp-json\/wp\/v2\/posts\/15695","targetHints":{"allow":["GET"]}}],"collection":[{"href":"https:\/\/vozobrera.org\/periodico\/wp-json\/wp\/v2\/posts"}],"about":[{"href":"https:\/\/vozobrera.org\/periodico\/wp-json\/wp\/v2\/types\/post"}],"author":[{"embeddable":true,"href":"https:\/\/vozobrera.org\/periodico\/wp-json\/wp\/v2\/users\/5"}],"replies":[{"embeddable":true,"href":"https:\/\/vozobrera.org\/periodico\/wp-json\/wp\/v2\/comments?post=15695"}],"version-history":[{"count":1,"href":"https:\/\/vozobrera.org\/periodico\/wp-json\/wp\/v2\/posts\/15695\/revisions"}],"predecessor-version":[{"id":15696,"href":"https:\/\/vozobrera.org\/periodico\/wp-json\/wp\/v2\/posts\/15695\/revisions\/15696"}],"wp:attachment":[{"href":"https:\/\/vozobrera.org\/periodico\/wp-json\/wp\/v2\/media?parent=15695"}],"wp:term":[{"taxonomy":"category","embeddable":true,"href":"https:\/\/vozobrera.org\/periodico\/wp-json\/wp\/v2\/categories?post=15695"},{"taxonomy":"post_tag","embeddable":true,"href":"https:\/\/vozobrera.org\/periodico\/wp-json\/wp\/v2\/tags?post=15695"}],"curies":[{"name":"wp","href":"https:\/\/api.w.org\/{rel}","templated":true}]}}