{"id":15691,"date":"2025-02-02T15:13:33","date_gmt":"2025-02-02T13:13:33","guid":{"rendered":"https:\/\/vozobrera.org\/periodico\/?p=15691"},"modified":"2025-02-02T15:13:33","modified_gmt":"2025-02-02T13:13:33","slug":"%e2%9d%97%e2%9d%97%e2%9d%97importante-subida-del-precio-de-la-luz%e2%9d%97%e2%9d%97%e2%9d%97","status":"publish","type":"post","link":"https:\/\/vozobrera.org\/periodico\/%e2%9d%97%e2%9d%97%e2%9d%97importante-subida-del-precio-de-la-luz%e2%9d%97%e2%9d%97%e2%9d%97\/","title":{"rendered":"\u2757\u2757\u2757IMPORTANTE: SUBIDA DEL PRECIO DE La LUZ\u2757\u2757\u2757"},"content":{"rendered":"<p>El pasado 1 de junio el gobierno fij\u00f3 algunos cambios que encarecen, de nuevo, el consumo el\u00e9ctrico. Para pagar menos habr\u00e1 que cambiar los h\u00e1bitos de uso de los aparatos el\u00e9ctricos y horarios de consumo, lo que tambi\u00e9n afectar\u00e1 a nuestro modo de vida.<\/p>\n<p>La excusa a este nuevo robo social es, seg\u00fan el Ministerio de Transici\u00f3n Ecol\u00f3gica, hacer un uso m\u00e1s racional de la luz y las infraestructuras el\u00e9ctricas y reducir costes en cuanto a la potencia contratada.<\/p>\n<p>Para los consumidores dom\u00e9sticos se ha establecido dos tipos de potencias y tres franjas horarias distintas para el consumo y este sistema ser\u00e1 de uso obligatorio. El precio de la cuota fija disminuye y la parte variable aumenta, en funci\u00f3n del tramo de consumo en cada momento. Las propias compa\u00f1\u00edas avisan que el precio a pagar por la energ\u00eda consumida se puede incrementar y mucho si no se utiliza en los tramos horarios m\u00e1s bonificados.<\/p>\n<p>El m\u00e1s econ\u00f3mico se sit\u00faa entre las 00:00 horas y 8:00 horas, de lunes a viernes, incluidos fines de semana y festivos nacionales. Para no sacrificar horas de sue\u00f1o se puede usar la programaci\u00f3n de inicio y parada, pero es algo que no todo el mundo posee. Y para muchas personas que trabajen de noche o por otros motivos, ajustar ese horario puede ser complicado\u2026 Emplear el aire acondicionado durante el d\u00eda puede suponer un descalabro econ\u00f3mico para muchas familias. Y ni siquiera est\u00e1 asegurado que estos precios sean manipulados por las el\u00e9ctricas ante las inclemencias clim\u00e1ticas extremas, algo que ya ha ocurrido en otras ocasiones.<\/p>\n<p>Los capitalistas utilizan estas subidas para mantener sus beneficios. En 2020 Endesa ha obtenido 1.394 millones de euros, ocho veces m\u00e1s que el a\u00f1o anterior.<\/p>\n<p>Acabar con este robo a la poblaci\u00f3n y poner verdaderamente bajo el control de la poblaci\u00f3n trabajadora a estas empresas, solo as\u00ed podr\u00e1 tener esa funci\u00f3n social.<\/p>\n<p><a href=\"https:\/\/vozobrera.org\/periodico\/wp-content\/uploads\/2025\/02\/voz.obrera_1624117280_2599606623452055820_43325197885.jpg\"><img loading=\"lazy\" decoding=\"async\" class=\"alignleft size-full wp-image-15658\" src=\"https:\/\/vozobrera.org\/periodico\/wp-content\/uploads\/2025\/02\/voz.obrera_1624117280_2599606623452055820_43325197885.jpg\" alt=\"\" width=\"349\" height=\"349\" srcset=\"https:\/\/vozobrera.org\/periodico\/wp-content\/uploads\/2025\/02\/voz.obrera_1624117280_2599606623452055820_43325197885.jpg 349w, https:\/\/vozobrera.org\/periodico\/wp-content\/uploads\/2025\/02\/voz.obrera_1624117280_2599606623452055820_43325197885-300x300.jpg 300w, https:\/\/vozobrera.org\/periodico\/wp-content\/uploads\/2025\/02\/voz.obrera_1624117280_2599606623452055820_43325197885-150x150.jpg 150w\" sizes=\"auto, (max-width: 349px) 100vw, 349px\" \/><\/a><\/p>\n","protected":false},"excerpt":{"rendered":"<p>El pasado 1 de junio el gobierno fij\u00f3 algunos cambios que encarecen, de nuevo, el consumo el\u00e9ctrico. Para pagar menos habr\u00e1 que cambiar los h\u00e1bitos de uso de los aparatos el\u00e9ctricos y horarios de consumo, lo que tambi\u00e9n afectar\u00e1 a nuestro modo de vida. La excusa a este nuevo robo social es, seg\u00fan el Ministerio&hellip;&nbsp;<a href=\"https:\/\/vozobrera.org\/periodico\/%e2%9d%97%e2%9d%97%e2%9d%97importante-subida-del-precio-de-la-luz%e2%9d%97%e2%9d%97%e2%9d%97\/\" rel=\"bookmark\">Leer m\u00e1s &raquo;<span class=\"screen-reader-text\">\u2757\u2757\u2757IMPORTANTE: SUBIDA DEL PRECIO DE La LUZ\u2757\u2757\u2757<\/span><\/a><\/p>\n","protected":false},"author":5,"featured_media":0,"comment_status":"closed","ping_status":"closed","sticky":false,"template":"","format":"standard","meta":{"neve_meta_sidebar":"","neve_meta_container":"","neve_meta_enable_content_width":"off","neve_meta_content_width":70,"neve_meta_title_alignment":"","neve_meta_author_avatar":"","neve_post_elements_order":"","neve_meta_disable_header":"","neve_meta_disable_footer":"","neve_meta_disable_title":"","footnotes":""},"categories":[677],"tags":[],"class_list":["post-15691","post","type-post","status-publish","format-standard","hentry","category-instagram"],"_links":{"self":[{"href":"https:\/\/vozobrera.org\/periodico\/wp-json\/wp\/v2\/posts\/15691","targetHints":{"allow":["GET"]}}],"collection":[{"href":"https:\/\/vozobrera.org\/periodico\/wp-json\/wp\/v2\/posts"}],"about":[{"href":"https:\/\/vozobrera.org\/periodico\/wp-json\/wp\/v2\/types\/post"}],"author":[{"embeddable":true,"href":"https:\/\/vozobrera.org\/periodico\/wp-json\/wp\/v2\/users\/5"}],"replies":[{"embeddable":true,"href":"https:\/\/vozobrera.org\/periodico\/wp-json\/wp\/v2\/comments?post=15691"}],"version-history":[{"count":1,"href":"https:\/\/vozobrera.org\/periodico\/wp-json\/wp\/v2\/posts\/15691\/revisions"}],"predecessor-version":[{"id":15692,"href":"https:\/\/vozobrera.org\/periodico\/wp-json\/wp\/v2\/posts\/15691\/revisions\/15692"}],"wp:attachment":[{"href":"https:\/\/vozobrera.org\/periodico\/wp-json\/wp\/v2\/media?parent=15691"}],"wp:term":[{"taxonomy":"category","embeddable":true,"href":"https:\/\/vozobrera.org\/periodico\/wp-json\/wp\/v2\/categories?post=15691"},{"taxonomy":"post_tag","embeddable":true,"href":"https:\/\/vozobrera.org\/periodico\/wp-json\/wp\/v2\/tags?post=15691"}],"curies":[{"name":"wp","href":"https:\/\/api.w.org\/{rel}","templated":true}]}}