{"id":15687,"date":"2025-02-02T15:12:24","date_gmt":"2025-02-02T13:12:24","guid":{"rendered":"https:\/\/vozobrera.org\/periodico\/?p=15687"},"modified":"2025-02-02T15:12:24","modified_gmt":"2025-02-02T13:12:24","slug":"huelga-en-tussam","status":"publish","type":"post","link":"https:\/\/vozobrera.org\/periodico\/huelga-en-tussam\/","title":{"rendered":"HUELGA EN TUSSAM"},"content":{"rendered":"<p>El pasado 11 de junio los trabajadores de Tussam decidieron hacer una huelga de un d\u00eda para reivindicar las contrataciones de los compa\u00f1eros de la bolsa,una subida salarial digna y una mejora en el servicio de autobuses.<br \/>\nLa huelga tuvo un gran seguimiento y sirvi\u00f3 para demostrar la fuerza que pueden alcanzar los trabajadores cuando est\u00e1n unidos.<br \/>\nUn trabajador de Tussam tuvo la idea de organizar una caja de resistencia para ayudar a los compa\u00f1eros que hab\u00edan decidido ir a la huelga y que ten\u00edan problemas econ\u00f3micos.<br \/>\nCompartimos este v\u00eddeo grabado por los trabajadores de Tussam de la caja de resistencia mostrando la solidaridad obrera.<br \/>\n\u00a1Viva la lucha obrera!<br \/>\n\u00a1Viva la solidaridad de los trabajadores!<\/p>\n<div style=\"width: 480px;\" class=\"wp-video\"><video class=\"wp-video-shortcode\" id=\"video-15687-1\" width=\"480\" height=\"854\" preload=\"metadata\" controls=\"controls\"><source type=\"video\/mp4\" src=\"https:\/\/vozobrera.org\/periodico\/wp-content\/uploads\/2025\/02\/voz.obrera_1623532408_2594699520472931329_43325197885.mp4?_=1\" \/><a href=\"https:\/\/vozobrera.org\/periodico\/wp-content\/uploads\/2025\/02\/voz.obrera_1623532408_2594699520472931329_43325197885.mp4\">https:\/\/vozobrera.org\/periodico\/wp-content\/uploads\/2025\/02\/voz.obrera_1623532408_2594699520472931329_43325197885.mp4<\/a><\/video><\/div>\n","protected":false},"excerpt":{"rendered":"<p>El pasado 11 de junio los trabajadores de Tussam decidieron hacer una huelga de un d\u00eda para reivindicar las contrataciones de los compa\u00f1eros de la bolsa,una subida salarial digna y una mejora en el servicio de autobuses. La huelga tuvo un gran seguimiento y sirvi\u00f3 para demostrar la fuerza que pueden alcanzar los trabajadores cuando&hellip;&nbsp;<a href=\"https:\/\/vozobrera.org\/periodico\/huelga-en-tussam\/\" rel=\"bookmark\">Leer m\u00e1s &raquo;<span class=\"screen-reader-text\">HUELGA EN TUSSAM<\/span><\/a><\/p>\n","protected":false},"author":5,"featured_media":0,"comment_status":"closed","ping_status":"closed","sticky":false,"template":"","format":"standard","meta":{"neve_meta_sidebar":"","neve_meta_container":"","neve_meta_enable_content_width":"off","neve_meta_content_width":70,"neve_meta_title_alignment":"","neve_meta_author_avatar":"","neve_post_elements_order":"","neve_meta_disable_header":"","neve_meta_disable_footer":"","neve_meta_disable_title":"","footnotes":""},"categories":[677],"tags":[],"class_list":["post-15687","post","type-post","status-publish","format-standard","hentry","category-instagram"],"_links":{"self":[{"href":"https:\/\/vozobrera.org\/periodico\/wp-json\/wp\/v2\/posts\/15687","targetHints":{"allow":["GET"]}}],"collection":[{"href":"https:\/\/vozobrera.org\/periodico\/wp-json\/wp\/v2\/posts"}],"about":[{"href":"https:\/\/vozobrera.org\/periodico\/wp-json\/wp\/v2\/types\/post"}],"author":[{"embeddable":true,"href":"https:\/\/vozobrera.org\/periodico\/wp-json\/wp\/v2\/users\/5"}],"replies":[{"embeddable":true,"href":"https:\/\/vozobrera.org\/periodico\/wp-json\/wp\/v2\/comments?post=15687"}],"version-history":[{"count":1,"href":"https:\/\/vozobrera.org\/periodico\/wp-json\/wp\/v2\/posts\/15687\/revisions"}],"predecessor-version":[{"id":15688,"href":"https:\/\/vozobrera.org\/periodico\/wp-json\/wp\/v2\/posts\/15687\/revisions\/15688"}],"wp:attachment":[{"href":"https:\/\/vozobrera.org\/periodico\/wp-json\/wp\/v2\/media?parent=15687"}],"wp:term":[{"taxonomy":"category","embeddable":true,"href":"https:\/\/vozobrera.org\/periodico\/wp-json\/wp\/v2\/categories?post=15687"},{"taxonomy":"post_tag","embeddable":true,"href":"https:\/\/vozobrera.org\/periodico\/wp-json\/wp\/v2\/tags?post=15687"}],"curies":[{"name":"wp","href":"https:\/\/api.w.org\/{rel}","templated":true}]}}