{"id":15685,"date":"2025-02-02T15:11:24","date_gmt":"2025-02-02T13:11:24","guid":{"rendered":"https:\/\/vozobrera.org\/periodico\/?p=15685"},"modified":"2025-02-02T15:11:24","modified_gmt":"2025-02-02T13:11:24","slug":"%e2%80%bc%ef%b8%8f%e2%80%bc%ef%b8%8fimportante-konecta-quiere-el-fin-del-teletrabajo%e2%80%bc%ef%b8%8f%e2%80%bc%ef%b8%8f","status":"publish","type":"post","link":"https:\/\/vozobrera.org\/periodico\/%e2%80%bc%ef%b8%8f%e2%80%bc%ef%b8%8fimportante-konecta-quiere-el-fin-del-teletrabajo%e2%80%bc%ef%b8%8f%e2%80%bc%ef%b8%8f\/","title":{"rendered":"\u203c\ufe0f\u203c\ufe0fIMPORTANTE: KONECTA QUIERE EL FIN DEL TELETRABAJO\u203c\ufe0f\u203c\ufe0f"},"content":{"rendered":"<p>La direcci\u00f3n de Konecta no quiere prorrogar el acuerdo por el teletrabajo. Prev\u00e9 una ocupaci\u00f3n m\u00e1xima de entre el 30 a 40% y un 60 a 70% en el teletrabajo.<br \/>\nEstos cambios no se aplicar\u00edan a todas las campa\u00f1as, aunque la empresa no dice cu\u00e1les son esas campa\u00f1as.<br \/>\nAdem\u00e1s, alega que se ve obligada a ello por la presi\u00f3n de sus clientes, por la avalancha de re ubicaciones y finalizaci\u00f3n de las campa\u00f1as. Por ello habr\u00e1 un aumento de plantilla en formaci\u00f3n de modo presencial que luego continuar\u00e1 en plataforma. Encima estos cambios no se acompa\u00f1an de medidas anti Covid, ni de control de aforo, ni desinfecci\u00f3n de las zonas comunes&#8230;<br \/>\nLa empresa vuelve a poner sus ganancias por encima de la salud laboral. \u00a1S\u00f3lo la movilizaci\u00f3n y la lucha de la plantilla podr\u00e1 tumbar esta decisi\u00f3n de la patronal!<\/p>\n<p><a href=\"https:\/\/vozobrera.org\/periodico\/wp-content\/uploads\/2025\/02\/voz.obrera_1623157585_2591556115378324228_43325197885.jpg\"><img loading=\"lazy\" decoding=\"async\" class=\"alignleft size-full wp-image-15662\" src=\"https:\/\/vozobrera.org\/periodico\/wp-content\/uploads\/2025\/02\/voz.obrera_1623157585_2591556115378324228_43325197885.jpg\" alt=\"\" width=\"500\" height=\"500\" srcset=\"https:\/\/vozobrera.org\/periodico\/wp-content\/uploads\/2025\/02\/voz.obrera_1623157585_2591556115378324228_43325197885.jpg 500w, https:\/\/vozobrera.org\/periodico\/wp-content\/uploads\/2025\/02\/voz.obrera_1623157585_2591556115378324228_43325197885-300x300.jpg 300w, https:\/\/vozobrera.org\/periodico\/wp-content\/uploads\/2025\/02\/voz.obrera_1623157585_2591556115378324228_43325197885-150x150.jpg 150w\" sizes=\"auto, (max-width: 500px) 100vw, 500px\" \/><\/a><\/p>\n","protected":false},"excerpt":{"rendered":"<p>La direcci\u00f3n de Konecta no quiere prorrogar el acuerdo por el teletrabajo. Prev\u00e9 una ocupaci\u00f3n m\u00e1xima de entre el 30 a 40% y un 60 a 70% en el teletrabajo. Estos cambios no se aplicar\u00edan a todas las campa\u00f1as, aunque la empresa no dice cu\u00e1les son esas campa\u00f1as. Adem\u00e1s, alega que se ve obligada a&hellip;&nbsp;<a href=\"https:\/\/vozobrera.org\/periodico\/%e2%80%bc%ef%b8%8f%e2%80%bc%ef%b8%8fimportante-konecta-quiere-el-fin-del-teletrabajo%e2%80%bc%ef%b8%8f%e2%80%bc%ef%b8%8f\/\" rel=\"bookmark\">Leer m\u00e1s &raquo;<span class=\"screen-reader-text\">\u203c\ufe0f\u203c\ufe0fIMPORTANTE: KONECTA QUIERE EL FIN DEL TELETRABAJO\u203c\ufe0f\u203c\ufe0f<\/span><\/a><\/p>\n","protected":false},"author":5,"featured_media":0,"comment_status":"closed","ping_status":"closed","sticky":false,"template":"","format":"standard","meta":{"neve_meta_sidebar":"","neve_meta_container":"","neve_meta_enable_content_width":"off","neve_meta_content_width":70,"neve_meta_title_alignment":"","neve_meta_author_avatar":"","neve_post_elements_order":"","neve_meta_disable_header":"","neve_meta_disable_footer":"","neve_meta_disable_title":"","footnotes":""},"categories":[677],"tags":[],"class_list":["post-15685","post","type-post","status-publish","format-standard","hentry","category-instagram"],"_links":{"self":[{"href":"https:\/\/vozobrera.org\/periodico\/wp-json\/wp\/v2\/posts\/15685","targetHints":{"allow":["GET"]}}],"collection":[{"href":"https:\/\/vozobrera.org\/periodico\/wp-json\/wp\/v2\/posts"}],"about":[{"href":"https:\/\/vozobrera.org\/periodico\/wp-json\/wp\/v2\/types\/post"}],"author":[{"embeddable":true,"href":"https:\/\/vozobrera.org\/periodico\/wp-json\/wp\/v2\/users\/5"}],"replies":[{"embeddable":true,"href":"https:\/\/vozobrera.org\/periodico\/wp-json\/wp\/v2\/comments?post=15685"}],"version-history":[{"count":1,"href":"https:\/\/vozobrera.org\/periodico\/wp-json\/wp\/v2\/posts\/15685\/revisions"}],"predecessor-version":[{"id":15686,"href":"https:\/\/vozobrera.org\/periodico\/wp-json\/wp\/v2\/posts\/15685\/revisions\/15686"}],"wp:attachment":[{"href":"https:\/\/vozobrera.org\/periodico\/wp-json\/wp\/v2\/media?parent=15685"}],"wp:term":[{"taxonomy":"category","embeddable":true,"href":"https:\/\/vozobrera.org\/periodico\/wp-json\/wp\/v2\/categories?post=15685"},{"taxonomy":"post_tag","embeddable":true,"href":"https:\/\/vozobrera.org\/periodico\/wp-json\/wp\/v2\/tags?post=15685"}],"curies":[{"name":"wp","href":"https:\/\/api.w.org\/{rel}","templated":true}]}}