{"id":15680,"date":"2025-02-02T15:09:37","date_gmt":"2025-02-02T13:09:37","guid":{"rendered":"https:\/\/vozobrera.org\/periodico\/?p=15680"},"modified":"2025-02-02T15:09:59","modified_gmt":"2025-02-02T13:09:59","slug":"%e2%80%bc%ef%b8%8f%e2%80%bc%ef%b8%8fimportante-huelga-en-tussam-%e2%80%bc%ef%b8%8f%e2%80%bc%ef%b8%8f","status":"publish","type":"post","link":"https:\/\/vozobrera.org\/periodico\/%e2%80%bc%ef%b8%8f%e2%80%bc%ef%b8%8fimportante-huelga-en-tussam-%e2%80%bc%ef%b8%8f%e2%80%bc%ef%b8%8f\/","title":{"rendered":"\u203c\ufe0f\u203c\ufe0fIMPORTANTE: HUELGA EN TUSSAM \u203c\ufe0f\u203c\ufe0f"},"content":{"rendered":"<p>En la pasada asamblea general de trabajadores de TUSSAM se acord\u00f3 por mayor\u00eda absoluta un paro de 24H el d\u00eda 11 de junio. Los compa\u00f1eros reivindican la contrataci\u00f3n al 100 %, y con los mismos derechos, de todos los compa\u00f1eros de la bolsa de trabajadores antes de fin de a\u00f1o, la soluci\u00f3n definitiva a las prejubilaciones, una subida salarial digna y sin contraprestaciones.<br \/>\nEl endeudamiento a manos de la banca y el uso del dinero p\u00fablico en inter\u00e9s de los capitalistas, provoca que cada vez se reduzca m\u00e1s el presupuesto p\u00fablico y se desmantelen las empresas municipales como TUSSAM, llegando a subcontratar servicios a empresas externas. Los trabajadores de TUSSAM ven sus sueldos reducidos y mayor carga de trabajo, mientras los compa\u00f1eros que accedieron a la bolsa de conductores se ven sin empleo y sin futuro.<br \/>\nEs hora de que los trabajadores digamos basta ya ante los retrocesos, abusos, ninguneo y precarizaci\u00f3n laboral. \u00a1Qu\u00e9 viva la lucha de la clase obrera!<\/p>\n<p><a href=\"https:\/\/vozobrera.org\/periodico\/wp-content\/uploads\/2025\/02\/voz.obrera_1622748145_2588121486159881406_43325197885.jpg\"><img loading=\"lazy\" decoding=\"async\" class=\"alignleft size-full wp-image-15664\" src=\"https:\/\/vozobrera.org\/periodico\/wp-content\/uploads\/2025\/02\/voz.obrera_1622748145_2588121486159881406_43325197885.jpg\" alt=\"\" width=\"362\" height=\"362\" srcset=\"https:\/\/vozobrera.org\/periodico\/wp-content\/uploads\/2025\/02\/voz.obrera_1622748145_2588121486159881406_43325197885.jpg 362w, https:\/\/vozobrera.org\/periodico\/wp-content\/uploads\/2025\/02\/voz.obrera_1622748145_2588121486159881406_43325197885-300x300.jpg 300w, https:\/\/vozobrera.org\/periodico\/wp-content\/uploads\/2025\/02\/voz.obrera_1622748145_2588121486159881406_43325197885-150x150.jpg 150w\" sizes=\"auto, (max-width: 362px) 100vw, 362px\" \/><\/a><\/p>\n","protected":false},"excerpt":{"rendered":"<p>En la pasada asamblea general de trabajadores de TUSSAM se acord\u00f3 por mayor\u00eda absoluta un paro de 24H el d\u00eda 11 de junio. Los compa\u00f1eros reivindican la contrataci\u00f3n al 100 %, y con los mismos derechos, de todos los compa\u00f1eros de la bolsa de trabajadores antes de fin de a\u00f1o, la soluci\u00f3n definitiva a las&hellip;&nbsp;<a href=\"https:\/\/vozobrera.org\/periodico\/%e2%80%bc%ef%b8%8f%e2%80%bc%ef%b8%8fimportante-huelga-en-tussam-%e2%80%bc%ef%b8%8f%e2%80%bc%ef%b8%8f\/\" rel=\"bookmark\">Leer m\u00e1s &raquo;<span class=\"screen-reader-text\">\u203c\ufe0f\u203c\ufe0fIMPORTANTE: HUELGA EN TUSSAM \u203c\ufe0f\u203c\ufe0f<\/span><\/a><\/p>\n","protected":false},"author":5,"featured_media":0,"comment_status":"closed","ping_status":"closed","sticky":false,"template":"","format":"standard","meta":{"neve_meta_sidebar":"","neve_meta_container":"","neve_meta_enable_content_width":"off","neve_meta_content_width":70,"neve_meta_title_alignment":"","neve_meta_author_avatar":"","neve_post_elements_order":"","neve_meta_disable_header":"","neve_meta_disable_footer":"","neve_meta_disable_title":"","footnotes":""},"categories":[677],"tags":[],"class_list":["post-15680","post","type-post","status-publish","format-standard","hentry","category-instagram"],"_links":{"self":[{"href":"https:\/\/vozobrera.org\/periodico\/wp-json\/wp\/v2\/posts\/15680","targetHints":{"allow":["GET"]}}],"collection":[{"href":"https:\/\/vozobrera.org\/periodico\/wp-json\/wp\/v2\/posts"}],"about":[{"href":"https:\/\/vozobrera.org\/periodico\/wp-json\/wp\/v2\/types\/post"}],"author":[{"embeddable":true,"href":"https:\/\/vozobrera.org\/periodico\/wp-json\/wp\/v2\/users\/5"}],"replies":[{"embeddable":true,"href":"https:\/\/vozobrera.org\/periodico\/wp-json\/wp\/v2\/comments?post=15680"}],"version-history":[{"count":2,"href":"https:\/\/vozobrera.org\/periodico\/wp-json\/wp\/v2\/posts\/15680\/revisions"}],"predecessor-version":[{"id":15682,"href":"https:\/\/vozobrera.org\/periodico\/wp-json\/wp\/v2\/posts\/15680\/revisions\/15682"}],"wp:attachment":[{"href":"https:\/\/vozobrera.org\/periodico\/wp-json\/wp\/v2\/media?parent=15680"}],"wp:term":[{"taxonomy":"category","embeddable":true,"href":"https:\/\/vozobrera.org\/periodico\/wp-json\/wp\/v2\/categories?post=15680"},{"taxonomy":"post_tag","embeddable":true,"href":"https:\/\/vozobrera.org\/periodico\/wp-json\/wp\/v2\/tags?post=15680"}],"curies":[{"name":"wp","href":"https:\/\/api.w.org\/{rel}","templated":true}]}}