{"id":15660,"date":"2025-02-02T15:06:26","date_gmt":"2025-02-02T13:06:26","guid":{"rendered":"https:\/\/vozobrera.org\/periodico\/?p=15660"},"modified":"2025-02-02T15:06:26","modified_gmt":"2025-02-02T13:06:26","slug":"%e2%9d%97%e2%9d%97%e2%9d%97importante-solidaridad-con-el-pueblo-marroqui-%e2%9d%97%e2%9d%97%e2%9d%97","status":"publish","type":"post","link":"https:\/\/vozobrera.org\/periodico\/%e2%9d%97%e2%9d%97%e2%9d%97importante-solidaridad-con-el-pueblo-marroqui-%e2%9d%97%e2%9d%97%e2%9d%97\/","title":{"rendered":"\u2757\u2757\u2757IMPORTANTE: SOLIDARIDAD CON EL PUEBLO MARROQU\u00cd \u2757\u2757\u2757"},"content":{"rendered":"<p>Todos los medios hablan de la crisis con Marruecos, que ha dejado de controlar la frontera con<br \/>\nCeuta, provocando que en apenas unas horas hayan pasado nadando al otro lado de la valla<br \/>\nunas 8.000 personas. La mitad ya han sido devueltas. As\u00ed Marruecos ha querido provocar el<br \/>\ncaos, en parte como respuesta a la acogida del l\u00edder del Frente Polisario en un hospital de<br \/>\nLogro\u00f1o, pero tambi\u00e9n para recordar su papel de \u201cgendarme\u201d de fronteras, presionando as\u00ed<br \/>\npara conseguir m\u00e1s fondos para la \u201ccooperaci\u00f3n fronteriza\u201d.<br \/>\nEl gobierno espa\u00f1ol, por su parte, no denuncia la situaci\u00f3n de miseria, explotaci\u00f3n y dictadura<br \/>\nque soporta el pueblo marroqu\u00ed y no alza la voz para condenar la ocupaci\u00f3n del antiguo S\u00e1hara<br \/>\nespa\u00f1ol por parte de Marruecos. Su \u00fanica soluci\u00f3n es mandar al ej\u00e9rcito. Sin embargo, las<br \/>\ndeportaciones en caliente no van a solucionar el problema fundamental: el pueblo marroqu\u00ed<br \/>\nvive sometido y es reh\u00e9n de los intereses pol\u00edticos de las camarillas que gobiernan al servicio<br \/>\nde los ricos.<br \/>\nNada ha cambiado de las buenas relaciones bilaterales; el rey em\u00e9rito se consideraba<br \/>\n\u201chermano\u201d de Hassan II, padre del actual monarca. El Gobierno \u201cde progreso\u201d, continuando<br \/>\ncon la pol\u00edtica de Estado que han tenido todos los gobiernos anteriores, mantiene una muy<br \/>\nbuena relaci\u00f3n con Mohammed VI, el \u201cgendarme\u201d que se mueve en yates, tuvo su primer<br \/>\navi\u00f3n \u201cpersonalizado\u201d por su 15\u00ba cumplea\u00f1os, posee 600 coches de lujo y 12 palacios, pero<br \/>\nsigue teniendo a su poblaci\u00f3n en condiciones de subdesarrollo y necesidad, hecho que todas<br \/>\nlas potencias capitalistas, incluida su vecina Espa\u00f1a, callan. Espa\u00f1a y Europa son tambi\u00e9n<br \/>\nresponsables de estas pol\u00edticas migratorias criminales que deja a los pies de los leones a<br \/>\npersonas necesitadas de ayuda.<br \/>\n\u00a1Solidaridad con el pueblo marroqu\u00ed! Hay que denunciar no su llegada, sino las condiciones de<br \/>\nvida y de miseria que en su propia tierra les tienen reservada los mismos que viven en el lujo y la opulencia.<\/p>\n<p><a href=\"https:\/\/vozobrera.org\/periodico\/wp-content\/uploads\/2025\/02\/voz.obrera_1621429984_2577063949604108818_43325197885.jpg\"><img loading=\"lazy\" decoding=\"async\" class=\"alignleft size-full wp-image-15669\" src=\"https:\/\/vozobrera.org\/periodico\/wp-content\/uploads\/2025\/02\/voz.obrera_1621429984_2577063949604108818_43325197885.jpg\" alt=\"\" width=\"800\" height=\"800\" srcset=\"https:\/\/vozobrera.org\/periodico\/wp-content\/uploads\/2025\/02\/voz.obrera_1621429984_2577063949604108818_43325197885.jpg 800w, https:\/\/vozobrera.org\/periodico\/wp-content\/uploads\/2025\/02\/voz.obrera_1621429984_2577063949604108818_43325197885-300x300.jpg 300w, https:\/\/vozobrera.org\/periodico\/wp-content\/uploads\/2025\/02\/voz.obrera_1621429984_2577063949604108818_43325197885-150x150.jpg 150w, https:\/\/vozobrera.org\/periodico\/wp-content\/uploads\/2025\/02\/voz.obrera_1621429984_2577063949604108818_43325197885-768x768.jpg 768w\" sizes=\"auto, (max-width: 800px) 100vw, 800px\" \/><\/a><\/p>\n","protected":false},"excerpt":{"rendered":"<p>Todos los medios hablan de la crisis con Marruecos, que ha dejado de controlar la frontera con Ceuta, provocando que en apenas unas horas hayan pasado nadando al otro lado de la valla unas 8.000 personas. La mitad ya han sido devueltas. As\u00ed Marruecos ha querido provocar el caos, en parte como respuesta a la&hellip;&nbsp;<a href=\"https:\/\/vozobrera.org\/periodico\/%e2%9d%97%e2%9d%97%e2%9d%97importante-solidaridad-con-el-pueblo-marroqui-%e2%9d%97%e2%9d%97%e2%9d%97\/\" rel=\"bookmark\">Leer m\u00e1s &raquo;<span class=\"screen-reader-text\">\u2757\u2757\u2757IMPORTANTE: SOLIDARIDAD CON EL PUEBLO MARROQU\u00cd \u2757\u2757\u2757<\/span><\/a><\/p>\n","protected":false},"author":5,"featured_media":0,"comment_status":"closed","ping_status":"closed","sticky":false,"template":"","format":"standard","meta":{"neve_meta_sidebar":"","neve_meta_container":"","neve_meta_enable_content_width":"off","neve_meta_content_width":70,"neve_meta_title_alignment":"","neve_meta_author_avatar":"","neve_post_elements_order":"","neve_meta_disable_header":"","neve_meta_disable_footer":"","neve_meta_disable_title":"","footnotes":""},"categories":[677],"tags":[],"class_list":["post-15660","post","type-post","status-publish","format-standard","hentry","category-instagram"],"_links":{"self":[{"href":"https:\/\/vozobrera.org\/periodico\/wp-json\/wp\/v2\/posts\/15660","targetHints":{"allow":["GET"]}}],"collection":[{"href":"https:\/\/vozobrera.org\/periodico\/wp-json\/wp\/v2\/posts"}],"about":[{"href":"https:\/\/vozobrera.org\/periodico\/wp-json\/wp\/v2\/types\/post"}],"author":[{"embeddable":true,"href":"https:\/\/vozobrera.org\/periodico\/wp-json\/wp\/v2\/users\/5"}],"replies":[{"embeddable":true,"href":"https:\/\/vozobrera.org\/periodico\/wp-json\/wp\/v2\/comments?post=15660"}],"version-history":[{"count":1,"href":"https:\/\/vozobrera.org\/periodico\/wp-json\/wp\/v2\/posts\/15660\/revisions"}],"predecessor-version":[{"id":15670,"href":"https:\/\/vozobrera.org\/periodico\/wp-json\/wp\/v2\/posts\/15660\/revisions\/15670"}],"wp:attachment":[{"href":"https:\/\/vozobrera.org\/periodico\/wp-json\/wp\/v2\/media?parent=15660"}],"wp:term":[{"taxonomy":"category","embeddable":true,"href":"https:\/\/vozobrera.org\/periodico\/wp-json\/wp\/v2\/categories?post=15660"},{"taxonomy":"post_tag","embeddable":true,"href":"https:\/\/vozobrera.org\/periodico\/wp-json\/wp\/v2\/tags?post=15660"}],"curies":[{"name":"wp","href":"https:\/\/api.w.org\/{rel}","templated":true}]}}