{"id":15653,"date":"2025-02-02T14:53:50","date_gmt":"2025-02-02T12:53:50","guid":{"rendered":"https:\/\/vozobrera.org\/periodico\/?p=15653"},"modified":"2025-02-02T14:53:50","modified_gmt":"2025-02-02T12:53:50","slug":"eduardo-readmision","status":"publish","type":"post","link":"https:\/\/vozobrera.org\/periodico\/eduardo-readmision\/","title":{"rendered":"\u00a1\u00a1\u00a1EDUARDO READMISI\u00d3N!!!"},"content":{"rendered":"<p>Voz Obrera apoya cuantas luchas obreras puede, porque son los trabajadores los que hacen funcionar la sociedad y por lo mismo son tambi\u00e9n los que pueden transformarla. Estaremos en esta protesta a las 11 de la ma\u00f1ana, mostrando nuestra solidaridad al compa\u00f1ero despedido. \u00bfTe unes? \u00a1Viva la lucha de la clase obrera!<\/p>\n<p><a href=\"https:\/\/vozobrera.org\/periodico\/wp-content\/uploads\/2025\/02\/voz.obrera_1621184157_2575001803676230452_43325197885.jpg\"><img loading=\"lazy\" decoding=\"async\" class=\"alignleft size-full wp-image-15626\" src=\"https:\/\/vozobrera.org\/periodico\/wp-content\/uploads\/2025\/02\/voz.obrera_1621184157_2575001803676230452_43325197885.jpg\" alt=\"\" width=\"904\" height=\"1130\" srcset=\"https:\/\/vozobrera.org\/periodico\/wp-content\/uploads\/2025\/02\/voz.obrera_1621184157_2575001803676230452_43325197885.jpg 904w, https:\/\/vozobrera.org\/periodico\/wp-content\/uploads\/2025\/02\/voz.obrera_1621184157_2575001803676230452_43325197885-240x300.jpg 240w, https:\/\/vozobrera.org\/periodico\/wp-content\/uploads\/2025\/02\/voz.obrera_1621184157_2575001803676230452_43325197885-819x1024.jpg 819w, https:\/\/vozobrera.org\/periodico\/wp-content\/uploads\/2025\/02\/voz.obrera_1621184157_2575001803676230452_43325197885-768x960.jpg 768w\" sizes=\"auto, (max-width: 904px) 100vw, 904px\" \/><\/a><\/p>\n","protected":false},"excerpt":{"rendered":"<p>Voz Obrera apoya cuantas luchas obreras puede, porque son los trabajadores los que hacen funcionar la sociedad y por lo mismo son tambi\u00e9n los que pueden transformarla. Estaremos en esta protesta a las 11 de la ma\u00f1ana, mostrando nuestra solidaridad al compa\u00f1ero despedido. \u00bfTe unes? \u00a1Viva la lucha de la clase obrera!<\/p>\n","protected":false},"author":5,"featured_media":0,"comment_status":"closed","ping_status":"closed","sticky":false,"template":"","format":"standard","meta":{"neve_meta_sidebar":"","neve_meta_container":"","neve_meta_enable_content_width":"off","neve_meta_content_width":70,"neve_meta_title_alignment":"","neve_meta_author_avatar":"","neve_post_elements_order":"","neve_meta_disable_header":"","neve_meta_disable_footer":"","neve_meta_disable_title":"","footnotes":""},"categories":[677],"tags":[],"class_list":["post-15653","post","type-post","status-publish","format-standard","hentry","category-instagram"],"_links":{"self":[{"href":"https:\/\/vozobrera.org\/periodico\/wp-json\/wp\/v2\/posts\/15653","targetHints":{"allow":["GET"]}}],"collection":[{"href":"https:\/\/vozobrera.org\/periodico\/wp-json\/wp\/v2\/posts"}],"about":[{"href":"https:\/\/vozobrera.org\/periodico\/wp-json\/wp\/v2\/types\/post"}],"author":[{"embeddable":true,"href":"https:\/\/vozobrera.org\/periodico\/wp-json\/wp\/v2\/users\/5"}],"replies":[{"embeddable":true,"href":"https:\/\/vozobrera.org\/periodico\/wp-json\/wp\/v2\/comments?post=15653"}],"version-history":[{"count":1,"href":"https:\/\/vozobrera.org\/periodico\/wp-json\/wp\/v2\/posts\/15653\/revisions"}],"predecessor-version":[{"id":15654,"href":"https:\/\/vozobrera.org\/periodico\/wp-json\/wp\/v2\/posts\/15653\/revisions\/15654"}],"wp:attachment":[{"href":"https:\/\/vozobrera.org\/periodico\/wp-json\/wp\/v2\/media?parent=15653"}],"wp:term":[{"taxonomy":"category","embeddable":true,"href":"https:\/\/vozobrera.org\/periodico\/wp-json\/wp\/v2\/categories?post=15653"},{"taxonomy":"post_tag","embeddable":true,"href":"https:\/\/vozobrera.org\/periodico\/wp-json\/wp\/v2\/tags?post=15653"}],"curies":[{"name":"wp","href":"https:\/\/api.w.org\/{rel}","templated":true}]}}