{"id":15645,"date":"2025-02-02T14:51:40","date_gmt":"2025-02-02T12:51:40","guid":{"rendered":"https:\/\/vozobrera.org\/periodico\/?p=15645"},"modified":"2025-02-02T14:51:40","modified_gmt":"2025-02-02T12:51:40","slug":"que-ha-pasado-para-que-la-derecha-arrase","status":"publish","type":"post","link":"https:\/\/vozobrera.org\/periodico\/que-ha-pasado-para-que-la-derecha-arrase\/","title":{"rendered":"\u00bfQU\u00c9 HA PASADO PARA QUE LA DERECHA ARRASE?"},"content":{"rendered":"[Consulta el art\u00edculo completo en nuestra web. Link en la bio]\n\u00bfQu\u00e9 ha pasado para que la derecha arrase?<br \/>\nLa realidad es tozuda y no se puede ocultar la gesti\u00f3n criminal de Ayuso: miles de muertos en las residencias, la privatizaci\u00f3n y el colapso de los servicios sanitarios, el apoyo a la escuela privada y concertada en detrimento de la p\u00fablica, el aumento de la desigualdad y la pobreza, \u201clas colas del hambre\u201d, etc., y en general todos los recortes de personal que se han llevado a cabo en todos los servicios p\u00fablicos. Est\u00e1 claro que el PP ha logrado pasarle la culpa al gobierno que tambi\u00e9n es responsable y c\u00f3mplice de esta situaci\u00f3n<br \/>\nEn efecto, el gobierno de \u201cprogreso\u201d PSOE, Unidas-Podemos ha sido incapaz de resolver y paliar los efectos de la crisis econ\u00f3mica en la poblaci\u00f3n trabajadora creando el caldo del cultivo de la decepci\u00f3n y la rabia en los sectores golpeados por la crisis. No es casualidad que Ayuso reclamara la \u201clibertad\u201d de las terrazas madrile\u00f1as para consumir ya que mantener el sector de la hosteler\u00eda abierto con las medidas laxas en los confinamientos, a costa de m\u00e1s Covid, ha permitido que muchos de los 500.000 aut\u00f3nomos hayan podido mantenerse y adem\u00e1s sobrevivir con las parcas ayudas del Estado.<br \/>\nCombatir a la derecha y la extrema derecha desde el punto de vista electoral e intentando crear un \u201ccord\u00f3n\u201d sanitario de los \u201cdem\u00f3cratas\u201d frente a Vox, es in\u00fatil. Contraponer democracia a fascismo no ha aislado a Vox, ni ha derrotado al PP. Porque el problema de fondo, el origen del crecimiento electoral de Ayuso y Abascal, es el malestar social y econ\u00f3mico, es la crisis del capitalismo acrecentado por la pandemia. A medio y largo plazo el problema seguir\u00e1 siendo el mismo: o la clase obrera lucha con un programa obrero y resolvemos los problemas sociales y econ\u00f3micos provocados por el sistema capitalista, hasta derrocarlo o la situaci\u00f3n social se pudrir\u00e1 y la extrema derecha aparecer\u00e1 con fuerza ante la impotencia de la \u201cizquierda\u201d. La ant\u00edtesis no es democracia capitalista, frente a fascismo, sino socialismo o barbarie.<br \/>\n[Consulta el art\u00edculo completo en nuestra web. Link en la bio]\n<p><a href=\"https:\/\/vozobrera.org\/periodico\/wp-content\/uploads\/2025\/02\/voz.obrera_1620647437_2570499475191495404_43325197885.jpg\"><img loading=\"lazy\" decoding=\"async\" class=\"alignleft size-full wp-image-15632\" src=\"https:\/\/vozobrera.org\/periodico\/wp-content\/uploads\/2025\/02\/voz.obrera_1620647437_2570499475191495404_43325197885.jpg\" alt=\"\" width=\"665\" height=\"665\" srcset=\"https:\/\/vozobrera.org\/periodico\/wp-content\/uploads\/2025\/02\/voz.obrera_1620647437_2570499475191495404_43325197885.jpg 665w, https:\/\/vozobrera.org\/periodico\/wp-content\/uploads\/2025\/02\/voz.obrera_1620647437_2570499475191495404_43325197885-300x300.jpg 300w, https:\/\/vozobrera.org\/periodico\/wp-content\/uploads\/2025\/02\/voz.obrera_1620647437_2570499475191495404_43325197885-150x150.jpg 150w\" sizes=\"auto, (max-width: 665px) 100vw, 665px\" \/><\/a><\/p>\n","protected":false},"excerpt":{"rendered":"<p>[Consulta el art\u00edculo completo en nuestra web. Link en la bio] \u00bfQu\u00e9 ha pasado para que la derecha arrase? La realidad es tozuda y no se puede ocultar la gesti\u00f3n criminal de Ayuso: miles de muertos en las residencias, la privatizaci\u00f3n y el colapso de los servicios sanitarios, el apoyo a la escuela privada y&hellip;&nbsp;<a href=\"https:\/\/vozobrera.org\/periodico\/que-ha-pasado-para-que-la-derecha-arrase\/\" rel=\"bookmark\">Leer m\u00e1s &raquo;<span class=\"screen-reader-text\">\u00bfQU\u00c9 HA PASADO PARA QUE LA DERECHA ARRASE?<\/span><\/a><\/p>\n","protected":false},"author":5,"featured_media":0,"comment_status":"closed","ping_status":"closed","sticky":false,"template":"","format":"standard","meta":{"neve_meta_sidebar":"","neve_meta_container":"","neve_meta_enable_content_width":"off","neve_meta_content_width":70,"neve_meta_title_alignment":"","neve_meta_author_avatar":"","neve_post_elements_order":"","neve_meta_disable_header":"","neve_meta_disable_footer":"","neve_meta_disable_title":"","footnotes":""},"categories":[677],"tags":[],"class_list":["post-15645","post","type-post","status-publish","format-standard","hentry","category-instagram"],"_links":{"self":[{"href":"https:\/\/vozobrera.org\/periodico\/wp-json\/wp\/v2\/posts\/15645","targetHints":{"allow":["GET"]}}],"collection":[{"href":"https:\/\/vozobrera.org\/periodico\/wp-json\/wp\/v2\/posts"}],"about":[{"href":"https:\/\/vozobrera.org\/periodico\/wp-json\/wp\/v2\/types\/post"}],"author":[{"embeddable":true,"href":"https:\/\/vozobrera.org\/periodico\/wp-json\/wp\/v2\/users\/5"}],"replies":[{"embeddable":true,"href":"https:\/\/vozobrera.org\/periodico\/wp-json\/wp\/v2\/comments?post=15645"}],"version-history":[{"count":1,"href":"https:\/\/vozobrera.org\/periodico\/wp-json\/wp\/v2\/posts\/15645\/revisions"}],"predecessor-version":[{"id":15646,"href":"https:\/\/vozobrera.org\/periodico\/wp-json\/wp\/v2\/posts\/15645\/revisions\/15646"}],"wp:attachment":[{"href":"https:\/\/vozobrera.org\/periodico\/wp-json\/wp\/v2\/media?parent=15645"}],"wp:term":[{"taxonomy":"category","embeddable":true,"href":"https:\/\/vozobrera.org\/periodico\/wp-json\/wp\/v2\/categories?post=15645"},{"taxonomy":"post_tag","embeddable":true,"href":"https:\/\/vozobrera.org\/periodico\/wp-json\/wp\/v2\/tags?post=15645"}],"curies":[{"name":"wp","href":"https:\/\/api.w.org\/{rel}","templated":true}]}}