{"id":15641,"date":"2025-02-02T14:49:49","date_gmt":"2025-02-02T12:49:49","guid":{"rendered":"https:\/\/vozobrera.org\/periodico\/?p=15641"},"modified":"2025-02-02T14:49:49","modified_gmt":"2025-02-02T12:49:49","slug":"manifestacion-1o-de-mayo","status":"publish","type":"post","link":"https:\/\/vozobrera.org\/periodico\/manifestacion-1o-de-mayo\/","title":{"rendered":"MANIFESTACI\u00d3N 1\u00ba DE MAYO"},"content":{"rendered":"<p>Manifestaci\u00f3n por el 1 de mayo, d\u00eda de la clase trabajadora. Voz Obrera tambi\u00e9n estar\u00e1 all\u00ed presente, en la entrada del Lidel de San L\u00e1zaro. Compa\u00f1eros y compa\u00f1eras, nos vemos all\u00ed ma\u00f1ana a las 11 horas. La lucha est\u00e1 en la calle. \u00a1Viva la lucha de la clase trabajadora! \u270a<\/p>\n<p><a href=\"https:\/\/vozobrera.org\/periodico\/wp-content\/uploads\/2025\/02\/voz.obrera_1619783262_2563250248521065946_43325197885.jpg\"><img loading=\"lazy\" decoding=\"async\" class=\"alignleft size-full wp-image-15634\" src=\"https:\/\/vozobrera.org\/periodico\/wp-content\/uploads\/2025\/02\/voz.obrera_1619783262_2563250248521065946_43325197885.jpg\" alt=\"\" width=\"904\" height=\"1130\" srcset=\"https:\/\/vozobrera.org\/periodico\/wp-content\/uploads\/2025\/02\/voz.obrera_1619783262_2563250248521065946_43325197885.jpg 904w, https:\/\/vozobrera.org\/periodico\/wp-content\/uploads\/2025\/02\/voz.obrera_1619783262_2563250248521065946_43325197885-240x300.jpg 240w, https:\/\/vozobrera.org\/periodico\/wp-content\/uploads\/2025\/02\/voz.obrera_1619783262_2563250248521065946_43325197885-819x1024.jpg 819w, https:\/\/vozobrera.org\/periodico\/wp-content\/uploads\/2025\/02\/voz.obrera_1619783262_2563250248521065946_43325197885-768x960.jpg 768w\" sizes=\"auto, (max-width: 904px) 100vw, 904px\" \/><\/a><\/p>\n","protected":false},"excerpt":{"rendered":"<p>Manifestaci\u00f3n por el 1 de mayo, d\u00eda de la clase trabajadora. Voz Obrera tambi\u00e9n estar\u00e1 all\u00ed presente, en la entrada del Lidel de San L\u00e1zaro. Compa\u00f1eros y compa\u00f1eras, nos vemos all\u00ed ma\u00f1ana a las 11 horas. La lucha est\u00e1 en la calle. \u00a1Viva la lucha de la clase trabajadora! \u270a<\/p>\n","protected":false},"author":5,"featured_media":0,"comment_status":"closed","ping_status":"closed","sticky":false,"template":"","format":"standard","meta":{"neve_meta_sidebar":"","neve_meta_container":"","neve_meta_enable_content_width":"off","neve_meta_content_width":70,"neve_meta_title_alignment":"","neve_meta_author_avatar":"","neve_post_elements_order":"","neve_meta_disable_header":"","neve_meta_disable_footer":"","neve_meta_disable_title":"","footnotes":""},"categories":[677],"tags":[],"class_list":["post-15641","post","type-post","status-publish","format-standard","hentry","category-instagram"],"_links":{"self":[{"href":"https:\/\/vozobrera.org\/periodico\/wp-json\/wp\/v2\/posts\/15641","targetHints":{"allow":["GET"]}}],"collection":[{"href":"https:\/\/vozobrera.org\/periodico\/wp-json\/wp\/v2\/posts"}],"about":[{"href":"https:\/\/vozobrera.org\/periodico\/wp-json\/wp\/v2\/types\/post"}],"author":[{"embeddable":true,"href":"https:\/\/vozobrera.org\/periodico\/wp-json\/wp\/v2\/users\/5"}],"replies":[{"embeddable":true,"href":"https:\/\/vozobrera.org\/periodico\/wp-json\/wp\/v2\/comments?post=15641"}],"version-history":[{"count":1,"href":"https:\/\/vozobrera.org\/periodico\/wp-json\/wp\/v2\/posts\/15641\/revisions"}],"predecessor-version":[{"id":15642,"href":"https:\/\/vozobrera.org\/periodico\/wp-json\/wp\/v2\/posts\/15641\/revisions\/15642"}],"wp:attachment":[{"href":"https:\/\/vozobrera.org\/periodico\/wp-json\/wp\/v2\/media?parent=15641"}],"wp:term":[{"taxonomy":"category","embeddable":true,"href":"https:\/\/vozobrera.org\/periodico\/wp-json\/wp\/v2\/categories?post=15641"},{"taxonomy":"post_tag","embeddable":true,"href":"https:\/\/vozobrera.org\/periodico\/wp-json\/wp\/v2\/tags?post=15641"}],"curies":[{"name":"wp","href":"https:\/\/api.w.org\/{rel}","templated":true}]}}