{"id":12867,"date":"2022-03-07T18:30:15","date_gmt":"2022-03-07T16:30:15","guid":{"rendered":"http:\/\/vozobrera.org\/periodico\/?p=12867"},"modified":"2022-03-07T18:30:15","modified_gmt":"2022-03-07T16:30:15","slug":"la-plataforma-por-la-jubilacion-a-los-60-anos-inicia-la-lucha","status":"publish","type":"post","link":"https:\/\/vozobrera.org\/periodico\/la-plataforma-por-la-jubilacion-a-los-60-anos-inicia-la-lucha\/","title":{"rendered":"La plataforma por la jubilaci\u00f3n a los 60 a\u00f1os inicia la lucha"},"content":{"rendered":"<p style=\"text-align: justify;\">La plataforma por la jubilaci\u00f3n a los 60 a\u00f1os de edad, para conductores\/as profesionales del transporte urbano e interurbano de personas y mercanc\u00edas por carretera, se cre\u00f3 bajo la necesidad de que los trabajadores\/as de este sector pudieran acogerse a los coeficientes reductores, para poder rebajar la edad de jubilaci\u00f3n como recoge el real decreto 1698\/2011.<\/p>\n<p style=\"text-align: justify;\">El real decreto 1698\/2011 prev\u00e9 que la edad m\u00ednima de 65 a\u00f1os exigida para tener derecho a pensi\u00f3n de jubilaci\u00f3n en el R\u00e9gimen General de la Seguridad Social podr\u00e1 ser rebajada por real decreto, a propuesta del Ministro de Trabajo e Inmigraci\u00f3n, en aquellos grupos o actividades profesionales en las escalas, categor\u00edas o especialidades, cuyos trabajos sean de naturaleza excepcionalmente penosa, t\u00f3xica, peligrosa o insalubre y acusen elevados \u00edndices de morbilidad o mortalidad, siempre que los trabajadores afectados acrediten en la respectiva profesi\u00f3n o trabajo el m\u00ednimo de actividad que se establezca. Cuerpo de la ertzaintza, polic\u00edas locales, trabajadores incluidos en el estatuto minero, bomberos, trabajadores ferroviarios, profesionales taurinos y algunos artistas, pueden acogerse a coeficientes reductores para rebajar su edad de jubilaci\u00f3n.<\/p>\n<p style=\"text-align: justify;\">La p\u00e9rdida de capacidades motrices, sensoriales y cognitivas derivadas por la acumulaci\u00f3n de a\u00f1os de conducci\u00f3n afectan a la seguridad de los usuarios y de los propios conductores. Seg\u00fan los diferentes estudios, las enfermedades m\u00e1s comunes provocadas por el trabajo, entre otras, son; patolog\u00edas cardiovasculares, estomacales, diabetes, colesterol, dolores de cuello lumbares y extremidades, obesidad, estr\u00e9s, apnea del sue\u00f1o, sordera, insomnio e incluso enfermedades mentales.<\/p>\n<p style=\"text-align: justify;\">Este es un colectivo con m\u00e1s de 150.000 conductores\/as profesionales del transporte de viajeros y 300.000 del transporte de mercanc\u00edas, con una capacidad por su n\u00famero y por la importancia en la cadena de producci\u00f3n capaz de paralizar todo el pa\u00eds. Su lucha es una lucha justa y contribuye adem\u00e1s a generar nuevos puestos de trabajo. El d\u00eda 17 de febrero empezaron las concentraciones en 25 ciudades de Espa\u00f1a, el pr\u00f3ximo d\u00eda 26 de marzo habr\u00e1 una manifestaci\u00f3n general en Madrid, y se prev\u00e9 una futura huelga del transporte en todo el territorio nacional si no se satisfacen las reivindicaciones de los trabajadores\/as.<\/p>\n<p style=\"text-align: justify;\">En una sociedad donde lo que predomina es el inter\u00e9s econ\u00f3mico de unos pocos, la \u00fanica salida que le queda al pueblo trabajador es la lucha y la solidaridad obrera.<\/p>\n<table style=\"width: 100%; border-collapse: collapse; border-style: solid; border-color: #000000;\">\n<tbody>\n<tr>\n<td style=\"width: 100%;\">La Plataforma por la Jubilaci\u00f3n a los 60 a\u00f1os de los conductores profesionales, formada por comit\u00e9s de empresa y organizaciones sindicales que representan a los conductores profesionales del transporte urbano e interurbano de personas y mercanc\u00edas por carretera<\/td>\n<\/tr>\n<\/tbody>\n<\/table>\n","protected":false},"excerpt":{"rendered":"<p>La plataforma por la jubilaci\u00f3n a los 60 a\u00f1os de edad, para conductores\/as profesionales del transporte urbano e interurbano de personas y mercanc\u00edas por carretera, se cre\u00f3 bajo la necesidad de que los trabajadores\/as de este sector pudieran acogerse a los coeficientes reductores, para poder rebajar la edad de jubilaci\u00f3n como recoge el real decreto&hellip;&nbsp;<a href=\"https:\/\/vozobrera.org\/periodico\/la-plataforma-por-la-jubilacion-a-los-60-anos-inicia-la-lucha\/\" rel=\"bookmark\">Leer m\u00e1s &raquo;<span class=\"screen-reader-text\">La plataforma por la jubilaci\u00f3n a los 60 a\u00f1os inicia la lucha<\/span><\/a><\/p>\n","protected":false},"author":5,"featured_media":0,"comment_status":"closed","ping_status":"closed","sticky":false,"template":"","format":"standard","meta":{"neve_meta_sidebar":"","neve_meta_container":"","neve_meta_enable_content_width":"off","neve_meta_content_width":0,"neve_meta_title_alignment":"","neve_meta_author_avatar":"","neve_post_elements_order":"","neve_meta_disable_header":"","neve_meta_disable_footer":"","neve_meta_disable_title":"","footnotes":""},"categories":[10],"tags":[640],"class_list":["post-12867","post","type-post","status-publish","format-standard","hentry","category-mensual","tag-mar22"],"_links":{"self":[{"href":"https:\/\/vozobrera.org\/periodico\/wp-json\/wp\/v2\/posts\/12867","targetHints":{"allow":["GET"]}}],"collection":[{"href":"https:\/\/vozobrera.org\/periodico\/wp-json\/wp\/v2\/posts"}],"about":[{"href":"https:\/\/vozobrera.org\/periodico\/wp-json\/wp\/v2\/types\/post"}],"author":[{"embeddable":true,"href":"https:\/\/vozobrera.org\/periodico\/wp-json\/wp\/v2\/users\/5"}],"replies":[{"embeddable":true,"href":"https:\/\/vozobrera.org\/periodico\/wp-json\/wp\/v2\/comments?post=12867"}],"version-history":[{"count":1,"href":"https:\/\/vozobrera.org\/periodico\/wp-json\/wp\/v2\/posts\/12867\/revisions"}],"predecessor-version":[{"id":12868,"href":"https:\/\/vozobrera.org\/periodico\/wp-json\/wp\/v2\/posts\/12867\/revisions\/12868"}],"wp:attachment":[{"href":"https:\/\/vozobrera.org\/periodico\/wp-json\/wp\/v2\/media?parent=12867"}],"wp:term":[{"taxonomy":"category","embeddable":true,"href":"https:\/\/vozobrera.org\/periodico\/wp-json\/wp\/v2\/categories?post=12867"},{"taxonomy":"post_tag","embeddable":true,"href":"https:\/\/vozobrera.org\/periodico\/wp-json\/wp\/v2\/tags?post=12867"}],"curies":[{"name":"wp","href":"https:\/\/api.w.org\/{rel}","templated":true}]}}