{"id":12645,"date":"2022-01-10T19:07:35","date_gmt":"2022-01-10T17:07:35","guid":{"rendered":"http:\/\/vozobrera.org\/periodico\/?p=12645"},"modified":"2022-01-10T19:07:35","modified_gmt":"2022-01-10T17:07:35","slug":"por-que-no-se-deroga-la-reforma-laboral","status":"publish","type":"post","link":"https:\/\/vozobrera.org\/periodico\/por-que-no-se-deroga-la-reforma-laboral\/","title":{"rendered":"\u00bfPor qu\u00e9 no se deroga la reforma laboral?"},"content":{"rendered":"<p style=\"text-align: justify;\">Ante esta situaci\u00f3n, habr\u00eda que plantearse, \u00bfpor qu\u00e9 con una mayor\u00eda parlamentaria a favor no han derogado la Reforma Laboral?, \u00bfpor qu\u00e9 todas las reformas laborales aprobadas en los \u00faltimos 40 a\u00f1os atacan las condiciones de vida y de trabajo de la clase trabajadora?<br \/>\nPara aclarar la situaci\u00f3n hay que decir que las RL y la legislaci\u00f3n laboral en general, son el resultado de la lucha de clases. En \u00e9poca de luchas obreras en alza, se consiguieron ciertos derechos que limitaban la arbitrariedad patronal y la explotaci\u00f3n obrera. Por ejemplo, la lucha por la reducci\u00f3n de la jornada laboral, la reivindicaci\u00f3n de los tres 8: 8 horas de trabajo, 8 de descanso, 8 de cultura y educaci\u00f3n fue central en la I Internacional o AIT en el siglo XIX. Fueron las primeras etapas de la lucha obrera y origen del 1\u00ba de Mayo.<br \/>\nPero hay que decir tambi\u00e9n que el sistema jur\u00eddico en la sociedad capitalista oculta e invisibiliza la realidad de la explotaci\u00f3n del trabajo humano por el capital. La explotaci\u00f3n obrera es la realidad econ\u00f3mica y social del mundo del trabajo. Aproximadamente la mitad de la jornada de trabajo es para pagar el salario, el resto ser\u00e1n los beneficios del capitalista.<br \/>\nEs decir, la clase trabajadora produce m\u00e1s all\u00e1 del salario que le pagan en su horario de trabajo y este excedente, esta plusval\u00eda o beneficio empresarial, que no aparece en ning\u00fan contrato, se lo apropia el empresario, el capital, quedando oculto a la sociedad.<br \/>\nEl contrato de trabajo aparece como un acto libre entre el empresario y el trabajador cuando lo que en realidad hay es una relaci\u00f3n de opresi\u00f3n y explotaci\u00f3n en la cual el trabajador vende su fuerza de trabajo en un horario determinado por un salario. Una vez que haya producido el valor de su salario todo el valor producido queda en manos del propietario de los medios de producci\u00f3n.<br \/>\nDicho esto, cualquier legislaci\u00f3n laboral en la sociedad actual, lo \u00fanico que puede hacer es limitar esta explotaci\u00f3n dependiendo de la correlaci\u00f3n de fuerzas, porque esta situaci\u00f3n nace de la propiedad privada de los medios de producci\u00f3n.<br \/>\nPor tanto las patronales buscan siempre la \u201cflexibilidad\u201d en la contrataci\u00f3n puesto que cuanto mayor sea la precariedad y el miedo al desempleo mayor presi\u00f3n sobre los salarios y mayor tiempo de trabajo excedente que el mundo del trabajo le reportar\u00e1 en sus beneficios.<br \/>\nEn tiempo de crisis econ\u00f3mica y social, y en el capitalismo son c\u00edclicas, el paro aumenta y la precariedad laboral se acent\u00faa. Por ello todas las reformas laborales han buscado adaptarse a esos ciclos en beneficio de los capitalistas, por ello todas las reformas laborales realizadas desde la muerte del dictador han incidido en la temporalidad y en facilitar los despidos a la patronal. Recordemos tambi\u00e9n que en el sistema capitalista la \u00fanica posibilidad de mantener la econom\u00eda en funcionamiento es a trav\u00e9s del mantenimiento de los beneficios empresariales, de ah\u00ed la competencia entre las empresas para vender sus mercanc\u00edas, aumentar la productividad y extraer de la clase trabajadora mayor tiempo de producci\u00f3n m\u00e1s all\u00e1 del salario.<br \/>\nPor este motivo aunque limitemos esta explotaci\u00f3n con leyes favorables debido al auge de las luchas del movimiento obrero, la \u00fanica soluci\u00f3n definitiva ser\u00eda la expropiaci\u00f3n de los medios de producci\u00f3n por la clase trabajadora y la organizaci\u00f3n social planificada de acuerdo a las necesidades sociales y no a los beneficios empresariales.<\/p>\n","protected":false},"excerpt":{"rendered":"<p>Ante esta situaci\u00f3n, habr\u00eda que plantearse, \u00bfpor qu\u00e9 con una mayor\u00eda parlamentaria a favor no han derogado la Reforma Laboral?, \u00bfpor qu\u00e9 todas las reformas laborales aprobadas en los \u00faltimos 40 a\u00f1os atacan las condiciones de vida y de trabajo de la clase trabajadora? Para aclarar la situaci\u00f3n hay que decir que las RL y&hellip;&nbsp;<a href=\"https:\/\/vozobrera.org\/periodico\/por-que-no-se-deroga-la-reforma-laboral\/\" rel=\"bookmark\">Leer m\u00e1s &raquo;<span class=\"screen-reader-text\">\u00bfPor qu\u00e9 no se deroga la reforma laboral?<\/span><\/a><\/p>\n","protected":false},"author":5,"featured_media":0,"comment_status":"closed","ping_status":"closed","sticky":false,"template":"","format":"standard","meta":{"neve_meta_sidebar":"","neve_meta_container":"","neve_meta_enable_content_width":"off","neve_meta_content_width":0,"neve_meta_title_alignment":"","neve_meta_author_avatar":"","neve_post_elements_order":"","neve_meta_disable_header":"","neve_meta_disable_footer":"","neve_meta_disable_title":"","footnotes":""},"categories":[10],"tags":[635],"class_list":["post-12645","post","type-post","status-publish","format-standard","hentry","category-mensual","tag-ene22"],"_links":{"self":[{"href":"https:\/\/vozobrera.org\/periodico\/wp-json\/wp\/v2\/posts\/12645","targetHints":{"allow":["GET"]}}],"collection":[{"href":"https:\/\/vozobrera.org\/periodico\/wp-json\/wp\/v2\/posts"}],"about":[{"href":"https:\/\/vozobrera.org\/periodico\/wp-json\/wp\/v2\/types\/post"}],"author":[{"embeddable":true,"href":"https:\/\/vozobrera.org\/periodico\/wp-json\/wp\/v2\/users\/5"}],"replies":[{"embeddable":true,"href":"https:\/\/vozobrera.org\/periodico\/wp-json\/wp\/v2\/comments?post=12645"}],"version-history":[{"count":1,"href":"https:\/\/vozobrera.org\/periodico\/wp-json\/wp\/v2\/posts\/12645\/revisions"}],"predecessor-version":[{"id":12646,"href":"https:\/\/vozobrera.org\/periodico\/wp-json\/wp\/v2\/posts\/12645\/revisions\/12646"}],"wp:attachment":[{"href":"https:\/\/vozobrera.org\/periodico\/wp-json\/wp\/v2\/media?parent=12645"}],"wp:term":[{"taxonomy":"category","embeddable":true,"href":"https:\/\/vozobrera.org\/periodico\/wp-json\/wp\/v2\/categories?post=12645"},{"taxonomy":"post_tag","embeddable":true,"href":"https:\/\/vozobrera.org\/periodico\/wp-json\/wp\/v2\/tags?post=12645"}],"curies":[{"name":"wp","href":"https:\/\/api.w.org\/{rel}","templated":true}]}}