{"id":12348,"date":"2021-07-15T18:30:08","date_gmt":"2021-07-15T16:30:08","guid":{"rendered":"http:\/\/vozobrera.org\/periodico\/?p=12348"},"modified":"2021-07-15T18:30:08","modified_gmt":"2021-07-15T16:30:08","slug":"manifiesto-mover-ficha-convertir-la-indignacion-en-cambio-politico","status":"publish","type":"post","link":"https:\/\/vozobrera.org\/periodico\/manifiesto-mover-ficha-convertir-la-indignacion-en-cambio-politico\/","title":{"rendered":"Manifiesto Mover ficha: convertir la indignaci\u00f3n en cambio pol\u00edtico"},"content":{"rendered":"<p style=\"text-align: justify;\">Al igual que en otros momentos de la historia, vemos hoy un continente europeo sumido en la perplejidad. Mientras las mayor\u00edas miran con nostalgia el pasado perdido, unas poderosas minor\u00edas, sin otro criterio que su propia supervivencia, demuestran que el enriquecimiento es su bandera y la impunidad su horizonte. Nunca en Europa ha habido tanta gente descontenta con la p\u00e9rdida de derechos y, al tiempo, menos perspectivas de poder canalizar esa indignaci\u00f3n a trav\u00e9s de alguna opci\u00f3n electoral que emocione y que, al tiempo, demuestre capacidad de representaci\u00f3n de las mayor\u00edas golpeadas y capacidad de gesti\u00f3n eficiente y comprometida que haga reales las mejores opciones posibles. Resulta para muchos intolerable que, en la mayor crisis del sistema desde el crack de 1929, las fuerzas que se dicen progresistas muestren su mayor debilidad, condenando a las mayor\u00edas de nuestros pa\u00edses a una suerte de melancol\u00eda que conduce a la resignaci\u00f3n y a la depresi\u00f3n pol\u00edtica. Pero hemos pasado por peores momentos y hemos sido capaces de sobreponernos a las dificultades. \u00bfPor qu\u00e9 debiera ser ahora diferente?<\/p>\n<p style=\"text-align: justify;\">Las elecciones al Parlamento Europeo se van a celebrar en un momento de profunda crisis de legitimidad de la Uni\u00f3n Europea. En nuestro caso, estamos ante la mayor p\u00e9rdida de credibilidad del r\u00e9gimen nacido con la Constituci\u00f3n de 1978. Movimientos de indignaci\u00f3n pol\u00edtica como el 15M conectaron con una clara voluntad popular: no sacrificar m\u00e1s derechos en el altar de unos mercados guiados por la especulaci\u00f3n y la rapi\u00f1a. La impotencia o dejaci\u00f3n de responsabilidades de los Gobiernos, la incapacidad voluntaria de los partidos pol\u00edticos de gobierno, la conversi\u00f3n de los Parlamentos en \u00f3rganos burocr\u00e1ticos y sin capacidad pol\u00edtica y el desconcierto de los sindicatos han dejado a la ciudadan\u00eda abandonada a su propia suerte. Como en tantos otros pa\u00edses, la perplejidad est\u00e1 siendo utilizada para convertir las deudas privadas en p\u00fablicas, para traspasar a grupos particulares los bienes comunes levantados durante d\u00e9cadas y para dedicar los \u00faltimos recursos p\u00fablicos a la financiaci\u00f3n de intereses empresariales particulares y estrechos. Estamos ante un golpe de Estado financiero contra los pueblos del sur de la Eurozona. Los que mandan est\u00e1n vendiendo el pa\u00eds y nuestro futuro a trozos. El aumento de la represi\u00f3n (con leyes m\u00e1s autoritarias, incremento de las multas en un escenario de empobrecimiento econ\u00f3mico e, incluso, dificultades para el ejercicio de derechos civiles y pol\u00edticos) termina de completar un paisaje dominado por el agravamiento de las desigualdades sociales y de g\u00e9nero y una mayor depredaci\u00f3n de los recursos naturales. No es extra\u00f1o el pesimismo y el derrotismo que parecen mostrar sectores a los que, sin embargo, les bastar\u00e1 una chispa de ilusi\u00f3n para salir de esa trampa de la desesperanza.<\/p>\n<p style=\"text-align: justify;\">Las leyes de seguridad ciudadana (que convierten en delito las formas de protesta inauguradas por el 15M), el regreso de la represi\u00f3n contra la libertad de las mujeres, el cercenamiento de la democracia en los \u00e1mbitos pol\u00edticos locales, el mayor control de los medios de comunicaci\u00f3n o el control de la judicatura quieren crear un escenario donde el miedo suspenda la democracia. Formas que caminan hacia reg\u00edmenes autoritarios envueltos en procesos electorales cada vez m\u00e1s vaciados de contenido. \u00bfTiene sentido que el 90% de la poblaci\u00f3n que est\u00e1 sufriendo estas pol\u00edticas no se dote de herramientas para crear un futuro m\u00e1s luminoso?<\/p>\n<p style=\"text-align: justify;\">Pero no es cierto que estemos instalados en la derrota. Pese a esos intentos, vemos que ese muro no es infranqueable y que, desde abajo, es posible frenar estos procesos de involuci\u00f3n de nuestras democracias. Hoy es una realidad nuestra exigencia de una pol\u00edtica que regrese a las calles, que hable como la mayor\u00eda de la gente que est\u00e1 harta, es m\u00e1s real que nunca nuestra exigencia de una mayor generosidad a los representantes, de una mayor horizontalidad y transparencia, de un regreso de los valores republicanos de la virtud p\u00fablica y la justicia social, del reconocimiento de nuestra realidad plurinacional y pluricultural. Hac\u00eda d\u00e9cadas que no era tan real nuestro deseo de tomar nuestras propias decisiones y responder a nuestras propias preguntas. La casta nos conduce al abismo por su propio beneficio ego\u00edsta. S\u00f3lo de la ciudadan\u00eda puede venir la soluci\u00f3n, como han venido la protecci\u00f3n del empleo, la defensa de las familias frenando desahucios o la garant\u00eda de los servicios p\u00fablicos, peque\u00f1as pero significativas victorias. La movilizaci\u00f3n popular, la desobediencia civil y la confianza en nuestras propias fuerzas son imprescindibles, pero tambi\u00e9n lo es forjar llaves para abrir las puertas que hoy quieren cerrarnos: hacer llegar a las instituciones la voz y las demandas de esa mayor\u00eda social que ya no se reconoce en esta UE ni en un r\u00e9gimen corrupto sin regeneraci\u00f3n posible.<\/p>\n<p style=\"text-align: justify;\">En las pr\u00f3ximas elecciones al Parlamento Europeo es necesario que haya una candidatura que se ofrezca a la ola de indignaci\u00f3n popular que asombr\u00f3 al mundo. Nos alegramos del avance de las fuerzas de la izquierda, pero somos conscientes de la necesidad de hacer algo m\u00e1s para poner en marcha los cambios que necesitamos. Es tiempo de valent\u00eda y de no dejar que se cierre la ventana de oportunidad que el compromiso de tanta buena gente ha abierto. Necesitamos una candidatura unitaria y de ruptura, encabezada por personas que expresen nuevas formas de relacionarse con la pol\u00edtica y que suponga una amenaza real para el r\u00e9gimen bipartidista del PP y del PSOE y para quienes han secuestrado nuestra democracia. Una candidatura que sume a la capacidad de gesti\u00f3n de lo p\u00fablico, la capacidad de involucrar a las mayor\u00edas en la configuraci\u00f3n de su propio futuro. Una candidatura que d\u00e9 respuesta a esa juventud a la que se invita a abandonar otra vez el pa\u00eds, a unos trabajadores que ven mermados d\u00eda a d\u00eda sus derechos, unas mujeres que tienen que volver a reclamar lo obvio, unas personas mayores a las que parece no haberles bastado luchar y trabajar toda una vida. Una candidatura que avance desde los espacios ya logrados y que logre avanzar m\u00e1s all\u00e1 de la par\u00e1lisis actual. Una candidatura que mueva ficha para convertir el pesimismo en optimismo y el descontento en voluntad popular de cambio y apertura democr\u00e1tica.<\/p>\n<ol style=\"text-align: justify;\">\n<li>Una candidatura por la recuperaci\u00f3n de la soberan\u00eda popular: es la ciudadan\u00eda la que tiene que decidir, no la minor\u00eda ego\u00edsta que nos ha tra\u00eddo hasta aqu\u00ed. Primero van las necesidades de la gente. La austeridad y los recortes ahogan la econom\u00eda y nuestras Hay que derogar el art\u00edculo 135 de la Constituci\u00f3n espa\u00f1ola y una moratoria para llevar a cabo una auditor\u00eda ciudadana de la deuda qu\u00e9 determine qu\u00e9 partes de la misma no son leg\u00edtimas; las deudas ileg\u00edtimas no se pagan. Es necesario una pol\u00edtica alternativa que establezca un impuesto sobre las transacciones financieras y el control sobre el movimiento de capitales, as\u00ed como la nacionalizaci\u00f3n de la banca privada. Las administraciones que en nuestro pa\u00eds han asumido las recetas de la austeridad son la prueba de la inutilidad de las mismas para resolver los problemas de la gente. Queremos una candidatura que se opone por tanto a los recortes que en nombre de la austeridad se aplican por parte del Gobierno del PP en el Estado, pero tambi\u00e9n por parte del PSOE y otros partidos en diferentes Comunidades Aut\u00f3nomas. Queremos otra Europa, justa, la de los derechos y la democracia, no la de la rapi\u00f1a y el desprecio a los pueblos.<\/li>\n<\/ol>\n<p style=\"text-align: justify;\">\n<ol style=\"text-align: justify;\" start=\"2\">\n<li>Una candidatura que, frente a unos gobiernos al servicio de la minor\u00eda del 1% reivindique una \u00abdemocracia real\u00bb basada en la soberan\u00eda de los pueblos y en su derecho a decidir su futuro libre y solidariamente. La democracia no nos da miedo a las y los dem\u00f3cratas; estamos encantados y encantadas de que escoceses y catalanes puedan hablar y decir qu\u00e9 futuro desean. Por tanto, que apoya la celebraci\u00f3n de la consulta convocada en Catalunya para el 9 de<\/li>\n<\/ol>\n<p style=\"text-align: justify;\">\n<ol style=\"text-align: justify;\" start=\"3\">\n<li>Una candidatura que defienda los salarios y pensiones dignas, una fiscalidad progresiva para que paguen m\u00e1s los que m\u00e1s tienen, que persiga el fraude fiscal, que rechace los despidos en empresas con beneficios, y que apueste por el reparto de todos los trabajos, incluido el trabajo dom\u00e9stico y de cuidados no Es fundamental defender condiciones de trabajo dignas para una juventud condenada a la precariedad eterna o al exilio.<\/li>\n<\/ol>\n<p style=\"text-align: justify;\">\n<ol style=\"text-align: justify;\" start=\"4\">\n<li>Una candidatura por el derecho a la vivienda digna. Hay que impulsar un parque de vivienda p\u00fablica, as\u00ed como un modelo de alquiler social seguro y digno. Se puede y se debe terminar con el drama humano de los desahucios, paraliz\u00e1ndolos todos y aprobando la daci\u00f3n en pago retroactiva, como exige la Plataforma de Afectados por la<\/li>\n<\/ol>\n<p style=\"text-align: justify;\">\n<ol style=\"text-align: justify;\" start=\"5\">\n<li>Una candidatura que rechace todas las privatizaciones de servicios p\u00fablicos y bienes comunes: la educaci\u00f3n, la sanidad, la justicia, el transporte, la informaci\u00f3n, la vivienda o la cultura, que defienda la reversi\u00f3n de las mismas y apueste por su gesti\u00f3n democr\u00e1tica. Son derechos y deben estar bajo control p\u00fablico. Una candidatura que defienda una democracia radical donde los refer\u00e9ndums vinculantes y las ILP formen parte destacada de un nuevo ordenamiento jur\u00eddico tras un proceso<\/li>\n<\/ol>\n<p style=\"text-align: justify;\">\n<ol style=\"text-align: justify;\" start=\"6\">\n<li>Una candidatura que combata la violencia machista y defienda el derecho de las mujeres sobre su propio cuerpo y, por lo tanto, el derecho a decidir si quieren interrumpir o no su embarazo. Y que defienda asimismo la libertad de orientaci\u00f3n e identidad sexual contra toda forma de discriminaci\u00f3n y homofobia. Una candidatura por el inquebrantable derecho a ser y amar como se<\/li>\n<\/ol>\n<p style=\"text-align: justify;\">\n<ol style=\"text-align: justify;\" start=\"7\">\n<li>Una candidatura que apueste por un cambio de modelo productivo que est\u00e9 al servicio de las personas a trav\u00e9s de una reconversi\u00f3n ecol\u00f3gica de la econom\u00eda, por la nacionalizaci\u00f3n y socializaci\u00f3n de las empresas energ\u00e9ticas y por la soberan\u00eda alimentaria.<\/li>\n<\/ol>\n<p style=\"text-align: justify;\">\n<ol style=\"text-align: justify;\" start=\"8\">\n<li>Una candidatura que defienda los derechos de ciudadan\u00eda para todos y todas y exija la derogaci\u00f3n de las leyes de extranjer\u00eda. Una candidatura para un pa\u00eds donde todas y todos seamos ciudadanos y nadie sea invisible, presa de la sobreexplotaci\u00f3n, la persecuci\u00f3n o la marginalidad por la xenofobia<\/li>\n<\/ol>\n<p style=\"text-align: justify;\">\n<ol style=\"text-align: justify;\" start=\"9\">\n<li>Una candidatura que rechace las intervenciones militares, que defienda la salida de la OTAN y sea firme defensora de las relaciones solidarias entre los<\/li>\n<\/ol>\n<p style=\"text-align: justify;\">\n<ol style=\"text-align: justify;\" start=\"10\">\n<li>Una candidatura que sea el resultado de un proceso participativo abierto a la ciudadan\u00eda, en la elaboraci\u00f3n de su programa y en la composici\u00f3n de la lista paritaria, basada en los criterios de presencia de activistas sociales, pol\u00edticos y culturales, con rotatividad de cargos e ingresos equivalentes al salario medio. Una candidatura con compromiso de transparencia y rendimiento de cuentas, cuyos recursos financieros sean independientes de la banca privada y de los \u201clobbies\u201d.<\/li>\n<\/ol>\n<p style=\"text-align: justify;\">\n<p style=\"text-align: justify;\">Quienes firmamos este manifiesto estamos convencid@s de que es el momento de dar un paso adelante y de que d\u00e1ndolo nos vamos a encontrar much@s m\u00e1s. Los de arriba nos dicen que no se puede hacer nada m\u00e1s que resignarse y, como mucho, elegir entre los colores de siempre. Nosotros pensamos que no es tiempo de renuncias sino de mover ficha y sumar, ofreciendo herramientas a la indignaci\u00f3n y el deseo de cambio. En las calles se repite insistentemente \u00abS\u00ed se puede\u00bb. Nosotras y nosotros decimos: \u00bb Podemos\u00bb.<\/p>\n<p>&nbsp;<\/p>\n<p>&nbsp;<\/p>\n<h6>Firmantes<\/h6>\n<h6><\/h6>\n<h6>Juan Carlos Monedero (profesor CC. Pol\u00edtica UCM) Alberto San Juan (actor) Marta Sibina (editora de la revista Caf\u00e9 amb Llet) Santiago Alba Rico (escritor) C\u00e1ndido Gonz\u00e1lez Carnero (sindicalista, Asturies) Jaume Asens (abogado)<\/h6>\n<h6>Albano Dante-Fachin (editor de la revista Caf\u00e9 amb Llet) Jorge Riechmann (poeta, activista ecologista) Jaime Pastor (profesor CC. Pol\u00edticas UNED)<\/h6>\n<h6>Cecilia Salazar-Alonso (activista de la Marea Verde-Madrid)<\/h6>\n<h6><\/h6>\n<h6>Teresa Rodr\u00edguez (profesora de secundaria, delegada sindical y parte de Marea Verde Andaluc\u00eda) Francisca Camacho (limpiadora de la Universidad de C\u00e1diz y delegada sindical)<\/h6>\n<h6>Laura Mingorance (estudiante de la Universidad de C\u00e1diz y parte de la Asociaci\u00f3n Estudiantil Contra la Precariedad)<\/h6>\n<h6><\/h6>\n<h6>Jes\u00fas Ja\u00e9n (activista de la Marea Blanca-Madrid) Carmen San Jos\u00e9 (activista de la Marea Blanca-Madrid) Javier Cord\u00f3n (activista de la Marea Blanca-Madrid) Sixto Casado (sindicalista ferroviario)<\/h6>\n<h6><\/h6>\n<h6>Ant\u00f3n G\u00f3mez Reino-Varela (activista social, Galiza) Jorge Moruno (soci\u00f3logo)<\/h6>\n<h6><\/h6>\n<h6>Elena Maeso (Oficina Precaria, Madrid) Isabel Serra (activista social, Madrid) Trist\u00e1n Meyer (La Tuerka) Bibiana Medialdea (profesora de econom\u00eda de la UCM) Olga Abasolo (soci\u00f3loga)<\/h6>\n<h6>Raimundo Viejo Vi\u00f1as (profesor de Ciencias Pol\u00edticas de la UdG) Germ\u00e1n Cano (profesor de Filosof\u00eda de la U. de Alcal\u00e1) Rita Maestre (estudiante)<\/h6>\n<h6>Alejandro Garc\u00eda (delegado sindical en McDonalds, Granada)<\/h6>\n","protected":false},"excerpt":{"rendered":"<p>Al igual que en otros momentos de la historia, vemos hoy un continente europeo sumido en la perplejidad. Mientras las mayor\u00edas miran con nostalgia el pasado perdido, unas poderosas minor\u00edas, sin otro criterio que su propia supervivencia, demuestran que el enriquecimiento es su bandera y la impunidad su horizonte. Nunca en Europa ha habido tanta&hellip;&nbsp;<a href=\"https:\/\/vozobrera.org\/periodico\/manifiesto-mover-ficha-convertir-la-indignacion-en-cambio-politico\/\" rel=\"bookmark\">Leer m\u00e1s &raquo;<span class=\"screen-reader-text\">Manifiesto Mover ficha: convertir la indignaci\u00f3n en cambio pol\u00edtico<\/span><\/a><\/p>\n","protected":false},"author":5,"featured_media":0,"comment_status":"closed","ping_status":"closed","sticky":false,"template":"","format":"standard","meta":{"neve_meta_sidebar":"","neve_meta_container":"","neve_meta_enable_content_width":"off","neve_meta_content_width":0,"neve_meta_title_alignment":"","neve_meta_author_avatar":"","neve_post_elements_order":"","neve_meta_disable_header":"","neve_meta_disable_footer":"","neve_meta_disable_title":"","footnotes":""},"categories":[37],"tags":[627],"class_list":["post-12348","post","type-post","status-publish","format-standard","hentry","category-lucha-de-clase","tag-ldc6_podemos"],"_links":{"self":[{"href":"https:\/\/vozobrera.org\/periodico\/wp-json\/wp\/v2\/posts\/12348","targetHints":{"allow":["GET"]}}],"collection":[{"href":"https:\/\/vozobrera.org\/periodico\/wp-json\/wp\/v2\/posts"}],"about":[{"href":"https:\/\/vozobrera.org\/periodico\/wp-json\/wp\/v2\/types\/post"}],"author":[{"embeddable":true,"href":"https:\/\/vozobrera.org\/periodico\/wp-json\/wp\/v2\/users\/5"}],"replies":[{"embeddable":true,"href":"https:\/\/vozobrera.org\/periodico\/wp-json\/wp\/v2\/comments?post=12348"}],"version-history":[{"count":1,"href":"https:\/\/vozobrera.org\/periodico\/wp-json\/wp\/v2\/posts\/12348\/revisions"}],"predecessor-version":[{"id":12349,"href":"https:\/\/vozobrera.org\/periodico\/wp-json\/wp\/v2\/posts\/12348\/revisions\/12349"}],"wp:attachment":[{"href":"https:\/\/vozobrera.org\/periodico\/wp-json\/wp\/v2\/media?parent=12348"}],"wp:term":[{"taxonomy":"category","embeddable":true,"href":"https:\/\/vozobrera.org\/periodico\/wp-json\/wp\/v2\/categories?post=12348"},{"taxonomy":"post_tag","embeddable":true,"href":"https:\/\/vozobrera.org\/periodico\/wp-json\/wp\/v2\/tags?post=12348"}],"curies":[{"name":"wp","href":"https:\/\/api.w.org\/{rel}","templated":true}]}}