{"id":12213,"date":"2021-06-10T10:56:39","date_gmt":"2021-06-10T08:56:39","guid":{"rendered":"http:\/\/vozobrera.org\/periodico\/?p=12213"},"modified":"2021-06-10T10:56:39","modified_gmt":"2021-06-10T08:56:39","slug":"el-pueblo-colombiano-continua-su-lucha","status":"publish","type":"post","link":"https:\/\/vozobrera.org\/periodico\/el-pueblo-colombiano-continua-su-lucha\/","title":{"rendered":"El pueblo colombiano contin\u00faa su lucha"},"content":{"rendered":"<p style=\"text-align: justify;\">Despu\u00e9s de una feroz represi\u00f3n el d\u00eda 28 de mayo, que dej\u00f3 cinco manifestantes asesinados por la Polic\u00eda Nacional, Duque ha militarizado las ciudades que m\u00e1s est\u00e1n luchando contra su gobierno en el marco de un Paro Nacional. Hay que recordar que en gran parte de las mayores ciudades colombianas, la poblaci\u00f3n sigue estando en una lucha popular que se prolonga ya m\u00e1s de un mes.<br \/>\nY en este mes de luchas en la calle, distintas organizaciones defensoras de los Derechos Humanos denuncian m\u00e1s 3.000 casos de violencia policial, 43 asesinatos y 22 mujeres violadas a manos de las fuerzas p\u00fablicas. Hasta la fiscal\u00eda de Colombia no ha tenido m\u00e1s remedio que reconocer 20 muertes relacionadas directamente con las protestas desde que comenz\u00f3 el paro nacional, habiendo otras en proceso de investigaci\u00f3n; la misma fiscal\u00eda dice haber encontrado a 308 personas que se daban por desaparecidas en el marco de las protestas \u00a1Tremendo!<br \/>\nA primeros de mes, los d\u00edas 6 al 8 de junio, hay convocada una gran Asamblea Nacional en la capital, Bogot\u00e1, d\u00f3nde se har\u00e1 balance de este mes de lucha del pueblo colombiano que grita \u201cAbajo Duque\u201d. A pesar de que el gobierno ha tenido que dar marcha atr\u00e1s en la reforma tributaria que pretend\u00eda, no obstante, anunci\u00f3 una nueva, adem\u00e1s de reformas en la salud, en las pensiones y, como no, una nueva reforma laboral que significar\u00e1 nuevos retrocesos en las condiciones de vida. Por poner solo un ejemplo, existen sanitarios que, a pesar del sobreesfuerzo que est\u00e1n haciendo con la pandemia, est\u00e1n contratados por \u201cprestaci\u00f3n de servicios\u201d, sin derecho a vacaciones, ni a descansos ni a una pensi\u00f3n digna. Una de las ciudades donde m\u00e1s se est\u00e1 luchando es Cali, d\u00f3nde numerosos j\u00f3venes que han perdido seres queridos por la pandemia, se encuentran sin empleo, se ven sin futuro, est\u00e1n liderando las protestas.<br \/>\nEl presidente Iv\u00e1n Duque declar\u00f3 a la prensa, concretamente una entrevista concedida a \u201cEl Pa\u00eds\u201d, que hoy le toc\u00f3 a Colombia, pero \u201cel estallido colombiano se va a repetir en muchos lugares del mundo\u201d. Pues s\u00ed, es posible; porque es lo que ocurre cuando a un pueblo se le hunde en la miseria y se le quita toda esperanza.<br \/>\n\u00a1Toda nuestra solidaridad con el pueblo colombiano!<\/p>\n","protected":false},"excerpt":{"rendered":"<p>Despu\u00e9s de una feroz represi\u00f3n el d\u00eda 28 de mayo, que dej\u00f3 cinco manifestantes asesinados por la Polic\u00eda Nacional, Duque ha militarizado las ciudades que m\u00e1s est\u00e1n luchando contra su gobierno en el marco de un Paro Nacional. Hay que recordar que en gran parte de las mayores ciudades colombianas, la poblaci\u00f3n sigue estando en&hellip;&nbsp;<a href=\"https:\/\/vozobrera.org\/periodico\/el-pueblo-colombiano-continua-su-lucha\/\" rel=\"bookmark\">Leer m\u00e1s &raquo;<span class=\"screen-reader-text\">El pueblo colombiano contin\u00faa su lucha<\/span><\/a><\/p>\n","protected":false},"author":5,"featured_media":0,"comment_status":"closed","ping_status":"closed","sticky":false,"template":"","format":"standard","meta":{"neve_meta_sidebar":"","neve_meta_container":"","neve_meta_enable_content_width":"off","neve_meta_content_width":0,"neve_meta_title_alignment":"","neve_meta_author_avatar":"","neve_post_elements_order":"","neve_meta_disable_header":"","neve_meta_disable_footer":"","neve_meta_disable_title":"","footnotes":""},"categories":[10],"tags":[626],"class_list":["post-12213","post","type-post","status-publish","format-standard","hentry","category-mensual","tag-jun21"],"_links":{"self":[{"href":"https:\/\/vozobrera.org\/periodico\/wp-json\/wp\/v2\/posts\/12213","targetHints":{"allow":["GET"]}}],"collection":[{"href":"https:\/\/vozobrera.org\/periodico\/wp-json\/wp\/v2\/posts"}],"about":[{"href":"https:\/\/vozobrera.org\/periodico\/wp-json\/wp\/v2\/types\/post"}],"author":[{"embeddable":true,"href":"https:\/\/vozobrera.org\/periodico\/wp-json\/wp\/v2\/users\/5"}],"replies":[{"embeddable":true,"href":"https:\/\/vozobrera.org\/periodico\/wp-json\/wp\/v2\/comments?post=12213"}],"version-history":[{"count":1,"href":"https:\/\/vozobrera.org\/periodico\/wp-json\/wp\/v2\/posts\/12213\/revisions"}],"predecessor-version":[{"id":12214,"href":"https:\/\/vozobrera.org\/periodico\/wp-json\/wp\/v2\/posts\/12213\/revisions\/12214"}],"wp:attachment":[{"href":"https:\/\/vozobrera.org\/periodico\/wp-json\/wp\/v2\/media?parent=12213"}],"wp:term":[{"taxonomy":"category","embeddable":true,"href":"https:\/\/vozobrera.org\/periodico\/wp-json\/wp\/v2\/categories?post=12213"},{"taxonomy":"post_tag","embeddable":true,"href":"https:\/\/vozobrera.org\/periodico\/wp-json\/wp\/v2\/tags?post=12213"}],"curies":[{"name":"wp","href":"https:\/\/api.w.org\/{rel}","templated":true}]}}