{"id":12122,"date":"2021-04-11T23:01:48","date_gmt":"2021-04-11T21:01:48","guid":{"rendered":"http:\/\/vozobrera.org\/periodico\/?p=12122"},"modified":"2021-05-14T19:30:38","modified_gmt":"2021-05-14T17:30:38","slug":"100-anos-de-la-ley-de-fugas-la-represion-contra-el-movimiento-obrero-2","status":"publish","type":"post","link":"https:\/\/vozobrera.org\/periodico\/100-anos-de-la-ley-de-fugas-la-represion-contra-el-movimiento-obrero-2\/","title":{"rendered":"100 A\u00f1os de la Ley de Fugas, la represi\u00f3n contra el movimiento obrero"},"content":{"rendered":"<p style=\"text-align: justify;\">En el callejero espa\u00f1ol es usual encontrar a Eduardo Dato como nombre de alguna calle o avenida. Sin embargo, casi nadie sabe que fue un presidente de gobierno durante la monarqu\u00eda de Alfonso XIII que firm\u00f3 la llamada Ley de Fugas por la cual asesinaron a cientos de obreros luchadores por sus derechos. Este reaccionario presidente propici\u00f3 la guerra sucia contra los trabajadores. Y como si la n\u00e9mesis de la historia se hubiera posicionado a favor de la justicia obrera fue muerto por un atentado anarquista el 8 de marzo de 1921.<br \/>\nEl 20 de Enero de 1921 se firm\u00f3 la Ley de Fugas por la cual se daba cobertura legal al asesinato de las fuerzas del orden de aquellos que \u201cintentaban escapar\u201d de la detenci\u00f3n. Y decimos que \u201cintentaban escapar\u201d porque en la realidad bastaba con disparar por la espalda al detenido para justificar el asesinato. Siendo Eduardo Dato el presidente del Consejo de Ministros se firm\u00f3 la Ley que permit\u00eda disparar por la espalda a todos aquellos que eran objetivos de la patronal o del Estado. En realidad, era una pr\u00e1ctica policial que se desarroll\u00f3 durante la Restauraci\u00f3n, -las monarqu\u00edas de Alfonso XII y XIII- y que promov\u00eda la guerra sucia. Pero ya con Fernando VII empez\u00f3 a utilizarse contra el bandolerismo, tras desamortizaciones de los bienes comunales y de realengo, una expropiaci\u00f3n para beneficio de la burgues\u00eda terrateniente que empobreci\u00f3 a miles de campesinos. Posteriormente el movimiento obrero recibi\u00f3 esta dura represi\u00f3n durante los a\u00f1os 20 del pasado siglo. La huelga de La Canadiense en Barcelona en 1919 abri\u00f3 la espita de los asesinatos extrajudiciales que ya desde 1917 se estaban realizando. Era la empresa que suministraba agua y electricidad a Barcelona.<br \/>\nEsta huelga abri\u00f3 un antes y un despu\u00e9s en el movimiento obrero. Signific\u00f3 la generalizaci\u00f3n de la huelga a toda Barcelona desde una empresa \u201cLa Canadiense\u201d que hab\u00eda despedido 8 trabajadores por reivindicar igualdad en los salarios. Cada secci\u00f3n de la empresa se uni\u00f3 en huelga en solidaridad con los despedidos y la empresa fue despidi\u00e9ndolos a su vez. La huelga se fue generalizando hasta convertirse en general.<br \/>\nLa huelga triunf\u00f3 de tal manera que por primera vez las 8 horas de trabajo se consiguieron en Espa\u00f1a. El 17 de Marzo se firm\u00f3 el acuerdo con los trabajadores: 1) Readmisi\u00f3n de despedidos y huelguistas. 2) Movimientos de personal como facultad de la empresa. 3) Aumentos: a los que ganan 100 pesetas mensuales 60%, los de 100 a 150 el 40%, los de 150 a 200 el 20%, los de 3000 a 400 el 15%, los de 400 a 500 el 10%. No aplicables a menores de 17 a\u00f1os. 4) Equiparaci\u00f3n de salarios con los de la Federaci\u00f3n Patronal de Barcelona. 5) Pago de sueldo de medio febrero y completo desde el 1 de marzo con aumento, pero con suspensi\u00f3n de vacaciones. 6) Jornada de 8 horas. 7) Jornal \u00edntegro en caso de accidente de trabajo. 8) No represalias. 9) Reanudaci\u00f3n de labores en 48 horas. Los trabajadores hab\u00edan triunfado. Pero la patronal y el Estado no tardaron en cobrarse en vidas su derrota.<br \/>\nLa reacci\u00f3n de la patronal y el Estado contra las luchas obreras en Barcelona y en Catalu\u00f1a de estos a\u00f1os, organiz\u00f3 la planificaci\u00f3n de los asesinatos de militantes y sindicalistas de la CNT y de muchos otros obreros que se hab\u00edan destacado en las huelgas de la \u00e9poca. El futuro dictador Miguel Primo de Rivera en una carta a Eduardo Dato, justificaba as\u00ed la Ley de fugas: \u201cComprendo que el instinto de defensa busque medios extra legales&#8230; Una redada, un traslado, un intento de fuga y unos tiros empezar\u00e1n a resolver el problema\u201d.<br \/>\nLa burgues\u00eda y el Estado desencadenaron el llamado \u201cpistolerismo\u201d, es decir el terrorismo patronal organizado por el tristemente famoso gobernador civil de Barcelona Severiano Mart\u00ednez Anido. Durante estos a\u00f1os cerca de mil personas se vieron afectadas por la violencia de los cuerpos represivos del Estado, de las cuales 267 fallecieron y 583 resultaron heridas. En la huelga y ante la fuerza de la lucha obrera se desarroll\u00f3 el primer acto de terrorismo patronal, cuando un grupo de desconocidos hiri\u00f3 de gravedad al delegado sindical de Tarrasa, Santiago Pascual, de 29 a\u00f1os, agredido varias veces antes por la polic\u00eda.<br \/>\nRam\u00f3n Mar\u00eda del Valle-Incl\u00e1n inmortalizar\u00eda en Luces de Bohemia en un par de escenas a\u00f1adidas a la segunda edici\u00f3n (1924) al anarquista Mateo, preso ejecutado por la Ley de Fugas.<\/p>\n<p style=\"text-align: justify;\">\n<em>Paco Ignacio Taibo II, La huelga de La Canadiense, 5\/8\/2015. https:\/\/revistamemoria.mx.<\/em><br \/>\n<em>Pepe Guti\u00e9rrez \u00c1lvarez. La huelga de La Canadiense. Parece que fue ayer. kaosenlared.net.<\/em><br \/>\n<em>Adolfo Bueso: Recuerdos de un cenetista. 1.976. Barcelona. Editorial Ariel. Col. Horas de Espa\u00f1a, 2 vols.<\/em><\/p>\n","protected":false},"excerpt":{"rendered":"<p>En el callejero espa\u00f1ol es usual encontrar a Eduardo Dato como nombre de alguna calle o avenida. Sin embargo, casi nadie sabe que fue un presidente de gobierno durante la monarqu\u00eda de Alfonso XIII que firm\u00f3 la llamada Ley de Fugas por la cual asesinaron a cientos de obreros luchadores por sus derechos. Este reaccionario&hellip;&nbsp;<a href=\"https:\/\/vozobrera.org\/periodico\/100-anos-de-la-ley-de-fugas-la-represion-contra-el-movimiento-obrero-2\/\" rel=\"bookmark\">Leer m\u00e1s &raquo;<span class=\"screen-reader-text\">100 A\u00f1os de la Ley de Fugas, la represi\u00f3n contra el movimiento obrero<\/span><\/a><\/p>\n","protected":false},"author":5,"featured_media":0,"comment_status":"closed","ping_status":"closed","sticky":false,"template":"","format":"standard","meta":{"neve_meta_sidebar":"","neve_meta_container":"","neve_meta_enable_content_width":"off","neve_meta_content_width":0,"neve_meta_title_alignment":"","neve_meta_author_avatar":"","neve_post_elements_order":"","neve_meta_disable_header":"","neve_meta_disable_footer":"","neve_meta_disable_title":"","footnotes":""},"categories":[90,10],"tags":[624],"class_list":["post-12122","post","type-post","status-publish","format-standard","hentry","category-editoriales","category-mensual","tag-abr21"],"_links":{"self":[{"href":"https:\/\/vozobrera.org\/periodico\/wp-json\/wp\/v2\/posts\/12122","targetHints":{"allow":["GET"]}}],"collection":[{"href":"https:\/\/vozobrera.org\/periodico\/wp-json\/wp\/v2\/posts"}],"about":[{"href":"https:\/\/vozobrera.org\/periodico\/wp-json\/wp\/v2\/types\/post"}],"author":[{"embeddable":true,"href":"https:\/\/vozobrera.org\/periodico\/wp-json\/wp\/v2\/users\/5"}],"replies":[{"embeddable":true,"href":"https:\/\/vozobrera.org\/periodico\/wp-json\/wp\/v2\/comments?post=12122"}],"version-history":[{"count":1,"href":"https:\/\/vozobrera.org\/periodico\/wp-json\/wp\/v2\/posts\/12122\/revisions"}],"predecessor-version":[{"id":12123,"href":"https:\/\/vozobrera.org\/periodico\/wp-json\/wp\/v2\/posts\/12122\/revisions\/12123"}],"wp:attachment":[{"href":"https:\/\/vozobrera.org\/periodico\/wp-json\/wp\/v2\/media?parent=12122"}],"wp:term":[{"taxonomy":"category","embeddable":true,"href":"https:\/\/vozobrera.org\/periodico\/wp-json\/wp\/v2\/categories?post=12122"},{"taxonomy":"post_tag","embeddable":true,"href":"https:\/\/vozobrera.org\/periodico\/wp-json\/wp\/v2\/tags?post=12122"}],"curies":[{"name":"wp","href":"https:\/\/api.w.org\/{rel}","templated":true}]}}