{"id":12002,"date":"2021-03-12T23:28:00","date_gmt":"2021-03-12T21:28:00","guid":{"rendered":"http:\/\/vozobrera.org\/periodico\/?p=12002"},"modified":"2021-03-12T23:28:00","modified_gmt":"2021-03-12T21:28:00","slug":"por-la-liberacion-de-pablo-hasel-y-contra-la-ley-mordaza","status":"publish","type":"post","link":"https:\/\/vozobrera.org\/periodico\/por-la-liberacion-de-pablo-hasel-y-contra-la-ley-mordaza\/","title":{"rendered":"Por la liberaci\u00f3n de Pablo Hasel y contra \u201cla ley mordaza\u201d"},"content":{"rendered":"<p>El martes 16 de febrero, el rapero catal\u00e1n Pablo Hasel fue detenido en la Universidad de L\u00e9rida donde se hab\u00eda refugiado, detenido por la polic\u00eda y llevado a prisi\u00f3n.<br \/>\nHab\u00eda sido condenado a nueve meses de prisi\u00f3n por insultar a la Corona, a las instituciones estatales y defender el terrorismo. Tambi\u00e9n fue condenado a dos a\u00f1os y medio m\u00e1s de un juicio anterior.<br \/>\nInmediatamente, en L\u00e9rida y en varias ciudades de Espa\u00f1a, se multiplicaron las manifestaciones por la liberaci\u00f3n de Pablo Hasel. En Barcelona se han dado las m\u00e1s importantes. Ha habido decenas de detenciones y los \u2018mossos de escuadra\u2019 han sido especialmente violentos, atacando brutalmente y dejando decenas de heridos. Una manifestante de 19 a\u00f1os perdi\u00f3 un ojo y las im\u00e1genes de violencia policial circularon por todo el pa\u00eds.<br \/>\nEl caso de Pablo Hasel es sin duda la gota que ha colmado el vaso: en todo el pa\u00eds aumenta el n\u00famero de precarios y desempleados, las luchas obreras o las plataformas contra los desahucios terminan en multas o c\u00e1rcel &#8230;<br \/>\nLas sentencias actuales se basan en los art\u00edculos de la ley aprobados despu\u00e9s del movimiento de Indignados, que ten\u00eda como objetivo prohibir cualquier ocupaci\u00f3n de lugar, manifestaci\u00f3n incontrolada pero tambi\u00e9n atentado contra instituciones. Las ocupaciones de plazas en 2011 y las enormes manifestaciones de entonces hab\u00edan movilizado a millones de j\u00f3venes y trabajadores de todo el pa\u00eds para denunciar los despidos, la corrupci\u00f3n de bancos y pol\u00edticos. Unos a\u00f1os m\u00e1s tarde, el gobierno de derecha de Mariano Rajoy aprob\u00f3 una ley conocida como \u201cprotecci\u00f3n de la seguridad ciudadana\u201d, la \u201cley Mordaza\u201d.<br \/>\nEsta ley permite que cualquier persona que critique al rey, al estado, a los jueces, a la religi\u00f3n o a los organizadores de una manifestaci\u00f3n no autorizada sea castigada con fuertes multas o prisi\u00f3n. As\u00ed, se ha acusado y condenado a artistas, y tambi\u00e9n a muchos activistas, sindicalistas por \u201cpiquetes ilegales\u201d o reuniones prohibidas.<br \/>\nLas manifestaciones por la liberaci\u00f3n de Pablo Hasel expresan el enfado de todos aquellos conmocionados por estos atentados a la libertad de expresi\u00f3n, que se rebelan al ver que en la Espa\u00f1a de hoy, los franquistas pueden organizar desfiles haciendo apolog\u00eda abiertamente del nazismo, que los corruptos est\u00e1n protegidos, mientras los j\u00f3venes y la gente que denuncia el capitalismo es encarcelada.<br \/>\nMuchos creen que estos j\u00f3venes raperos est\u00e1n diciendo la verdad y los manifestantes quieren poder seguir hablando en contra de lo que los conmociona. Como dicen en sus carteles: \u201cProtestar es un derecho, la represi\u00f3n es un crimen\u201d.<\/p>\n","protected":false},"excerpt":{"rendered":"<p>El martes 16 de febrero, el rapero catal\u00e1n Pablo Hasel fue detenido en la Universidad de L\u00e9rida donde se hab\u00eda refugiado, detenido por la polic\u00eda y llevado a prisi\u00f3n. Hab\u00eda sido condenado a nueve meses de prisi\u00f3n por insultar a la Corona, a las instituciones estatales y defender el terrorismo. Tambi\u00e9n fue condenado a dos&hellip;&nbsp;<a href=\"https:\/\/vozobrera.org\/periodico\/por-la-liberacion-de-pablo-hasel-y-contra-la-ley-mordaza\/\" rel=\"bookmark\">Leer m\u00e1s &raquo;<span class=\"screen-reader-text\">Por la liberaci\u00f3n de Pablo Hasel y contra \u201cla ley mordaza\u201d<\/span><\/a><\/p>\n","protected":false},"author":5,"featured_media":0,"comment_status":"closed","ping_status":"closed","sticky":false,"template":"","format":"standard","meta":{"neve_meta_sidebar":"","neve_meta_container":"","neve_meta_enable_content_width":"off","neve_meta_content_width":0,"neve_meta_title_alignment":"","neve_meta_author_avatar":"","neve_post_elements_order":"","neve_meta_disable_header":"","neve_meta_disable_footer":"","neve_meta_disable_title":"","footnotes":""},"categories":[10],"tags":[622],"class_list":["post-12002","post","type-post","status-publish","format-standard","hentry","category-mensual","tag-mar21"],"_links":{"self":[{"href":"https:\/\/vozobrera.org\/periodico\/wp-json\/wp\/v2\/posts\/12002","targetHints":{"allow":["GET"]}}],"collection":[{"href":"https:\/\/vozobrera.org\/periodico\/wp-json\/wp\/v2\/posts"}],"about":[{"href":"https:\/\/vozobrera.org\/periodico\/wp-json\/wp\/v2\/types\/post"}],"author":[{"embeddable":true,"href":"https:\/\/vozobrera.org\/periodico\/wp-json\/wp\/v2\/users\/5"}],"replies":[{"embeddable":true,"href":"https:\/\/vozobrera.org\/periodico\/wp-json\/wp\/v2\/comments?post=12002"}],"version-history":[{"count":1,"href":"https:\/\/vozobrera.org\/periodico\/wp-json\/wp\/v2\/posts\/12002\/revisions"}],"predecessor-version":[{"id":12003,"href":"https:\/\/vozobrera.org\/periodico\/wp-json\/wp\/v2\/posts\/12002\/revisions\/12003"}],"wp:attachment":[{"href":"https:\/\/vozobrera.org\/periodico\/wp-json\/wp\/v2\/media?parent=12002"}],"wp:term":[{"taxonomy":"category","embeddable":true,"href":"https:\/\/vozobrera.org\/periodico\/wp-json\/wp\/v2\/categories?post=12002"},{"taxonomy":"post_tag","embeddable":true,"href":"https:\/\/vozobrera.org\/periodico\/wp-json\/wp\/v2\/tags?post=12002"}],"curies":[{"name":"wp","href":"https:\/\/api.w.org\/{rel}","templated":true}]}}