{"id":11956,"date":"2021-02-16T11:33:46","date_gmt":"2021-02-16T09:33:46","guid":{"rendered":"http:\/\/vozobrera.org\/periodico\/?p=11956"},"modified":"2021-02-16T11:33:46","modified_gmt":"2021-02-16T09:33:46","slug":"las-desigualdades-sociales-asolan-el-mundo","status":"publish","type":"post","link":"https:\/\/vozobrera.org\/periodico\/las-desigualdades-sociales-asolan-el-mundo\/","title":{"rendered":"Las desigualdades sociales asolan el mundo"},"content":{"rendered":"<p><strong>Como todos los a\u00f1os la ONG Oxfam Intermon acaba de publicar suinforme d\u00f3nde se cuantifica y aclara algo que ya se percibe muy a las claras: la crisis econ\u00f3mica que se atraviesa en la actualidad, ha profundizado las desigualdades sociales.<\/strong><\/p>\n<p>En\u00a0 tan\u00a0 s\u00f3lo\u00a0 nueve\u00a0 meses,\u00a0 las mil mayores fortunas del mundo ya hab\u00edan recuperado las p\u00e9rdidas econ\u00f3micas originadas por la pandemia de COVID-19, mientras que los al menos 200 millones de personas que seg\u00fan el c\u00e1lculo del Banco Mundial podr\u00edan haber ca\u00eddo en la pobreza necesitar\u00edan m\u00e1s de una d\u00e9cada para recuperarse de los impactos econ\u00f3micos de la crisis.<br \/>\n200 y 500 millones de personas m\u00e1s han ca\u00eddo por debajo del umbral de la pobreza y est\u00e1n lejos de salir de \u00e9l. Entre los m\u00e1s afectados est\u00e1n aquellos cuyos\u00a0 empleos\u00a0 eran\u00a0 de los m\u00e1s precarios antes de la crisis, en particular las mujeres\u00a0 y las minor\u00edas, los negros en Estados Unidos y los trabajadores de origen inmigrante en Europa.<\/p>\n<p>Oxfam observa que los miles de miles de millones de d\u00f3lares\u00a0 y\u00a0 euros\u00a0 en\u00a0 paquetes\u00a0 de est\u00edmulo gubernamental en Am\u00e9rica y Europa han alimentado principalmente los circuitos financieros y las bolsas de valores donde cotizan las empresas de los capitalistas m\u00e1s ricos, permiti\u00e9ndoles salvar sus fortunas.<\/p>\n<p>Por lo que respecta a Espa\u00f1a las cifras son pura cat\u00e1strofe: casi 800.000 personas han ca\u00eddo en la pobreza severa, es decir, y esta cifra podr\u00eda alcanzar la cifra de 5,1 millones de personas, lo que supone un aumento\u00a0 desde el 9,2% registrado antes de la pandemia hasta el 10,86%. As\u00ed las cosas, la tasa de pobreza relativa en Espa\u00f1a pasar\u00eda del 20,7% hasta el 22,9%, lo que supone un mill\u00f3n de personas m\u00e1s por debajo de la l\u00ednea de pobreza, estimada en 24\u00a0 euros al d\u00eda, hasta alcanzar los 10,9 millones de personas durante el 2020.<\/p>\n<p>\u201cLos datos demuestran c\u00f3mo la pandemia se ha cebado con las personas m\u00e1s vulnerables\u201d, dice\u00a0 Franc\u00a0 Cortada,\u00a0 director\u00a0 de Oxfam Interm\u00f3n. \u201cSin una respuesta adecuada, hay un grave riesgo de que la salida de la crisis profundice y eternice\u00a0 las desigualdades en Espa\u00f1a, empobreciendo a las personas m\u00e1s pobres mientras las m\u00e1s ricas se recuperan a paso firme.<\/p>\n<p>De hecho, desde el inicio\u00a0 de la pandemia, la fortuna de\u00a0 los 10 hombres m\u00e1s ricos del mundo ha aumentado en medio bill\u00f3n de d\u00f3lares, una cifra que financiar\u00eda con creces una vacuna universal para la COVID-19 y que garantizar\u00eda que nadie cayese en la pobreza, reitera Oxfam Ante esta situaci\u00f3n, la\u00a0 ONG, al final de su informe, propone la introducci\u00f3n de un impuesto Covid\u00a0 para\u00a0 las\u00a0 empresas,\u00a0 o\u00a0\u00a0 un nuevo impuesto sobre las grandes fortunas. Sin embargo, las repugnantes desigualdades sociales, la pobreza, el hambre y el desempleo que sufren cientos de millones de personas, mientras una \u00ednfima minor\u00eda se enriquece cada vez m\u00e1s, son consecuencia de la base misma del sistema capitalista. Acabar con la propiedad privada de la gran burgues\u00eda sobre las empresas, sustituirla por la propiedad colectiva\u00a0 bajo\u00a0 el\u00a0 control\u00a0 de\u00a0\u00a0 los trabajadores y organizar racionalmente la producci\u00f3n en funci\u00f3n de las necesidades es una obligaci\u00f3n para la gran mayor\u00eda de la humanidad.<\/p>\n","protected":false},"excerpt":{"rendered":"<p>Como todos los a\u00f1os la ONG Oxfam Intermon acaba de publicar suinforme d\u00f3nde se cuantifica y aclara algo que ya se percibe muy a las claras: la crisis econ\u00f3mica que se atraviesa en la actualidad, ha profundizado las desigualdades sociales. En\u00a0 tan\u00a0 s\u00f3lo\u00a0 nueve\u00a0 meses,\u00a0 las mil mayores fortunas del mundo ya hab\u00edan recuperado las&hellip;&nbsp;<a href=\"https:\/\/vozobrera.org\/periodico\/las-desigualdades-sociales-asolan-el-mundo\/\" rel=\"bookmark\">Leer m\u00e1s &raquo;<span class=\"screen-reader-text\">Las desigualdades sociales asolan el mundo<\/span><\/a><\/p>\n","protected":false},"author":5,"featured_media":0,"comment_status":"closed","ping_status":"closed","sticky":false,"template":"","format":"standard","meta":{"neve_meta_sidebar":"","neve_meta_container":"","neve_meta_enable_content_width":"off","neve_meta_content_width":0,"neve_meta_title_alignment":"","neve_meta_author_avatar":"","neve_post_elements_order":"","neve_meta_disable_header":"","neve_meta_disable_footer":"","neve_meta_disable_title":"","footnotes":""},"categories":[10],"tags":[621],"class_list":["post-11956","post","type-post","status-publish","format-standard","hentry","category-mensual","tag-feb21"],"_links":{"self":[{"href":"https:\/\/vozobrera.org\/periodico\/wp-json\/wp\/v2\/posts\/11956","targetHints":{"allow":["GET"]}}],"collection":[{"href":"https:\/\/vozobrera.org\/periodico\/wp-json\/wp\/v2\/posts"}],"about":[{"href":"https:\/\/vozobrera.org\/periodico\/wp-json\/wp\/v2\/types\/post"}],"author":[{"embeddable":true,"href":"https:\/\/vozobrera.org\/periodico\/wp-json\/wp\/v2\/users\/5"}],"replies":[{"embeddable":true,"href":"https:\/\/vozobrera.org\/periodico\/wp-json\/wp\/v2\/comments?post=11956"}],"version-history":[{"count":1,"href":"https:\/\/vozobrera.org\/periodico\/wp-json\/wp\/v2\/posts\/11956\/revisions"}],"predecessor-version":[{"id":11957,"href":"https:\/\/vozobrera.org\/periodico\/wp-json\/wp\/v2\/posts\/11956\/revisions\/11957"}],"wp:attachment":[{"href":"https:\/\/vozobrera.org\/periodico\/wp-json\/wp\/v2\/media?parent=11956"}],"wp:term":[{"taxonomy":"category","embeddable":true,"href":"https:\/\/vozobrera.org\/periodico\/wp-json\/wp\/v2\/categories?post=11956"},{"taxonomy":"post_tag","embeddable":true,"href":"https:\/\/vozobrera.org\/periodico\/wp-json\/wp\/v2\/tags?post=11956"}],"curies":[{"name":"wp","href":"https:\/\/api.w.org\/{rel}","templated":true}]}}