{"id":11954,"date":"2021-02-16T11:29:59","date_gmt":"2021-02-16T09:29:59","guid":{"rendered":"http:\/\/vozobrera.org\/periodico\/?p=11954"},"modified":"2021-02-16T11:29:59","modified_gmt":"2021-02-16T09:29:59","slug":"foro-de-davos-el-foro-de-los-ricos-y-de-la-hipocresia","status":"publish","type":"post","link":"https:\/\/vozobrera.org\/periodico\/foro-de-davos-el-foro-de-los-ricos-y-de-la-hipocresia\/","title":{"rendered":"Foro de Davos, el foro de los ricos y de la hipocres\u00eda"},"content":{"rendered":"<p>Este a\u00f1o, por la pandemia, el Foro de Davos, en su 51 edici\u00f3n, va a tener una primera fase virtual y tendr\u00e1 otra presencial en mayo; este foro todos los a\u00f1os celebra una cumbre internacional d\u00f3nde\u00a0 se\u00a0 dan\u00a0 cita los mayores empresarios\u00a0 del mundo, multimillonarios, pol\u00edticos y organizaciones sociales y culturales; el lema de este a\u00f1o es \u201cEl gran reinicio\u201d.<\/p>\n<p>Jefes de estado, de gobierno, pol\u00edticos y miembros destacados de la sociedad, grandes\u00a0 empresarios,\u00a0 medios de\u00a0 comunicaci\u00f3n\u00a0 y\u00a0 un\u00a0 sinf\u00edn de personalidades p\u00fablicas de medio\u00a0\u00a0 mundo\u00a0\u00a0 suelen\u00a0\u00a0\u00a0 asistir a estos foros en Davos, una estaci\u00f3n de esqu\u00ed de lujo en Suiza. Dicen muchos periodistas de los que asisten, que son los que toman las decisiones en el mundo. El a\u00f1o pasado este foro debati\u00f3 sobre la ecolog\u00eda y la necesaria transici\u00f3n ecol\u00f3gica para preservar el planeta. Pura ret\u00f3rica.<\/p>\n<p>En su agenda actual est\u00e1 discutir y elucubrar acerca del mundo del trabajo, su desarrollo sostenible y el aprovechamiento de las nuevas tecnolog\u00edas\u00a0 porque hay que dar respuestas y soluciones \u2013dicen- a los desaf\u00edos del mundo. \u201cUna cumbre de liderazgo mundial es de crucial importancia para abordar c\u00f3mo podemos recuperarnos juntos\u201d, en palabras de Klaus Schwab, fundador y presidente ejecutivo del Foro Econ\u00f3mico Mundial.<\/p>\n<p>\u201cLa cooperaci\u00f3n p\u00fablico- privada es m\u00e1s necesaria que nunca para reconstruir la confianza y abordar los errores cometidos en 2020\u201d, afirma.\u00a0 Los desaf\u00edos que nos ha tra\u00eddo\u00a0 la\u00a0\u00a0 pandemia,\u00a0\u00a0 argumentan,\u00a0 han acelerado\u00a0 tendencias\u00a0 que ya se ve\u00edan venir, como la digitalizaci\u00f3n. Concluyen que hay que recoger los avances de\u00a0 la cuarta revoluci\u00f3n industrial, como la llaman, para dise\u00f1ar \u201csistemas econ\u00f3micos cohesivos, sostenibles y resilientes\u201d. Todo un plan, que se puede resumir en c\u00f3mo seguir haciendo negocios, respetando lo que se pueda el medio ambiente y haciendo que las inversiones p\u00fablicas ayuden en los malos tiempos.<\/p>\n<p>El a\u00f1o pasado celebraba sus reuniones \u201ctotalmente neutral en carbono\u201d, utilizaron alimentos de origen local, fuentes alternativas de prote\u00ednas para reducir el consumo de carne, el suministro de electricidad 100%\u00a0 renovable y la\u00a0 reducci\u00f3n\u00a0 o\u00a0 eliminaci\u00f3n del uso de materiales que no pueden reciclarse o reutilizarse f\u00e1cilmente, as\u00ed como la introducci\u00f3n de m\u00e1s veh\u00edculos el\u00e9ctricos porque les quitaba el sue\u00f1o el calentamiento global y la ecolog\u00eda, pero poco hicieron luego para que las grandes multinacionales no avancen en su destrucci\u00f3n del planeta.<\/p>\n<p>\u201cEl capitalismo descuid\u00f3 el hecho de que una empresa es\u00a0 un organismo\u00a0 social,\u00a0 adem\u00e1s de un ente con fines de lucro. Esto, sumado a las presiones ejercidas por el sector financiero con respecto a la obtenci\u00f3n de resultados a corto plazo, provoc\u00f3 que el capitalismo estuviera cada vez m\u00e1s desconectado de la econom\u00eda real. Somos muchos los que hemos visto que esta forma de capitalismo ya no es sostenible\u201d, ha llegado a escribir el fundador de Davos, Klaus Schwab.<\/p>\n<p>Y mientras todo esto suena muy bien, para quien se lo crea, el verdadero alma de los foros Davos no son los debates, que entre tanto profesor y personal de alto nivel, no podr\u00edan ser\u00a0 m\u00e1s pol\u00edticamente correctos. Lo verdaderamente importante en Davos son las relaciones entre poderosos que se establecen, las alianzas y contactos que se hacen. Lo dem\u00e1s no es m\u00e1s que una farsa pues tras tanto debate\u00a0 y\u00a0 foro\u00a0 las principales multinacionales siguen destruyendo espacios naturales, contaminando aguas, sobrecalentando\u00a0\u00a0\u00a0\u00a0 el\u00a0\u00a0\u00a0\u00a0 planeta, y\u00a0 asfixiando\u00a0 con\u00a0 sus\u00a0 pol\u00edticas\u00a0 a millones de personas en el mundo para las cuales la cuarta revoluci\u00f3n industrial es seguir haciendo dinero a gran escala utilizando la ecolog\u00eda o lo que haga falta.<\/p>\n<p>En\u00a0\u00a0 nombre\u00a0\u00a0 de\u00a0\u00a0\u00a0 la transici\u00f3n ecol\u00f3gica, de las nuevas tecnolog\u00edas, lo que verdaderamente se\u00a0 est\u00e1 tratando es de salvar los grandes negocios y a los grandes grupos empresariales, los cuales pedir\u00e1n la \u201ccolaboraci\u00f3n\u201d de lo p\u00fablico para seguir haciendo caja.<\/p>\n","protected":false},"excerpt":{"rendered":"<p>Este a\u00f1o, por la pandemia, el Foro de Davos, en su 51 edici\u00f3n, va a tener una primera fase virtual y tendr\u00e1 otra presencial en mayo; este foro todos los a\u00f1os celebra una cumbre internacional d\u00f3nde\u00a0 se\u00a0 dan\u00a0 cita los mayores empresarios\u00a0 del mundo, multimillonarios, pol\u00edticos y organizaciones sociales y culturales; el lema de este&hellip;&nbsp;<a href=\"https:\/\/vozobrera.org\/periodico\/foro-de-davos-el-foro-de-los-ricos-y-de-la-hipocresia\/\" rel=\"bookmark\">Leer m\u00e1s &raquo;<span class=\"screen-reader-text\">Foro de Davos, el foro de los ricos y de la hipocres\u00eda<\/span><\/a><\/p>\n","protected":false},"author":5,"featured_media":0,"comment_status":"closed","ping_status":"closed","sticky":false,"template":"","format":"standard","meta":{"neve_meta_sidebar":"","neve_meta_container":"","neve_meta_enable_content_width":"off","neve_meta_content_width":0,"neve_meta_title_alignment":"","neve_meta_author_avatar":"","neve_post_elements_order":"","neve_meta_disable_header":"","neve_meta_disable_footer":"","neve_meta_disable_title":"","footnotes":""},"categories":[10],"tags":[621],"class_list":["post-11954","post","type-post","status-publish","format-standard","hentry","category-mensual","tag-feb21"],"_links":{"self":[{"href":"https:\/\/vozobrera.org\/periodico\/wp-json\/wp\/v2\/posts\/11954","targetHints":{"allow":["GET"]}}],"collection":[{"href":"https:\/\/vozobrera.org\/periodico\/wp-json\/wp\/v2\/posts"}],"about":[{"href":"https:\/\/vozobrera.org\/periodico\/wp-json\/wp\/v2\/types\/post"}],"author":[{"embeddable":true,"href":"https:\/\/vozobrera.org\/periodico\/wp-json\/wp\/v2\/users\/5"}],"replies":[{"embeddable":true,"href":"https:\/\/vozobrera.org\/periodico\/wp-json\/wp\/v2\/comments?post=11954"}],"version-history":[{"count":1,"href":"https:\/\/vozobrera.org\/periodico\/wp-json\/wp\/v2\/posts\/11954\/revisions"}],"predecessor-version":[{"id":11955,"href":"https:\/\/vozobrera.org\/periodico\/wp-json\/wp\/v2\/posts\/11954\/revisions\/11955"}],"wp:attachment":[{"href":"https:\/\/vozobrera.org\/periodico\/wp-json\/wp\/v2\/media?parent=11954"}],"wp:term":[{"taxonomy":"category","embeddable":true,"href":"https:\/\/vozobrera.org\/periodico\/wp-json\/wp\/v2\/categories?post=11954"},{"taxonomy":"post_tag","embeddable":true,"href":"https:\/\/vozobrera.org\/periodico\/wp-json\/wp\/v2\/tags?post=11954"}],"curies":[{"name":"wp","href":"https:\/\/api.w.org\/{rel}","templated":true}]}}