{"id":11079,"date":"2020-09-23T16:41:44","date_gmt":"2020-09-23T14:41:44","guid":{"rendered":"http:\/\/vozobrera.org\/periodico\/?p=11079"},"modified":"2020-09-23T16:41:44","modified_gmt":"2020-09-23T14:41:44","slug":"ingreso-minimo-o-empleos-dignos","status":"publish","type":"post","link":"https:\/\/vozobrera.org\/periodico\/ingreso-minimo-o-empleos-dignos\/","title":{"rendered":"\u00bfIngreso m\u00ednimo o empleos dignos?"},"content":{"rendered":"<p>La situaci\u00f3n de miles de familias castigadas por el paro empeor\u00f3 con la llegada de la pandemia. Incapaz de dar una respuesta adecuada a la poblaci\u00f3n, garantizando el empleo y creando puestos de trabajo dignos, el gobierno formado por Psoe y Unidas Podemos sac\u00f3 adelante la Renta M\u00ednima Vital como forma de subsidio.<br \/>\nEl gobierno otorg\u00f3 esta renta de oficio a unas 80 mil familias en riesgo de pobreza extrema. A partir de ah\u00ed la ayuda se puede solicitar a la Seguridad Social reuniendo una serie de requisitos.<br \/>\nAqu\u00ed comienza un sinsentido de trabas burocr\u00e1ticas, un tr\u00e1mite atascado por la falta de recursos en la administraci\u00f3n que impone denegaciones y retrasos a mansalva desde que comenzaran a gestionarse.<br \/>\nDesde que se pusiera en marcha, en junio, tan solo se han tramitado efectivamente 85.000 solicitudes de las cerca del millon presentadas. La falta de trabajadores p\u00fablicos ahora se parchea con la subcontrataci\u00f3n, llevando una parte del tr\u00e1mite una empresa p\u00fablica accionariada por la SEPI, que se nutre de contratos temporales.<br \/>\nEl remedio ha sido peor que la enfermedad y algunos medios ya denunciaron irregularidades cometidas por la empresa en estas labores. El alto nivel de rechazos a la poblaci\u00f3n m\u00e1s necesitada solo significa que se tapan los errores con m\u00e1s errores.<br \/>\nEs urgente llevar a cabo un plan para crear empleo p\u00fablico. Para acabar con el paro y para mejorar el funcionamiento de unos servicios p\u00fablicos bajo m\u00ednimos.<br \/>\nContra el paro \u00a1reparto del trabajo entre todos sin bajar los salarios!<\/p>\n","protected":false},"excerpt":{"rendered":"<p>La situaci\u00f3n de miles de familias castigadas por el paro empeor\u00f3 con la llegada de la pandemia. Incapaz de dar una respuesta adecuada a la poblaci\u00f3n, garantizando el empleo y creando puestos de trabajo dignos, el gobierno formado por Psoe y Unidas Podemos sac\u00f3 adelante la Renta M\u00ednima Vital como forma de subsidio. El gobierno&hellip;&nbsp;<a href=\"https:\/\/vozobrera.org\/periodico\/ingreso-minimo-o-empleos-dignos\/\" rel=\"bookmark\">Leer m\u00e1s &raquo;<span class=\"screen-reader-text\">\u00bfIngreso m\u00ednimo o empleos dignos?<\/span><\/a><\/p>\n","protected":false},"author":5,"featured_media":0,"comment_status":"closed","ping_status":"closed","sticky":false,"template":"","format":"standard","meta":{"neve_meta_sidebar":"","neve_meta_container":"","neve_meta_enable_content_width":"off","neve_meta_content_width":0,"neve_meta_title_alignment":"","neve_meta_author_avatar":"","neve_post_elements_order":"","neve_meta_disable_header":"","neve_meta_disable_footer":"","neve_meta_disable_title":"","footnotes":""},"categories":[10],"tags":[608],"class_list":["post-11079","post","type-post","status-publish","format-standard","hentry","category-mensual","tag-sep20"],"_links":{"self":[{"href":"https:\/\/vozobrera.org\/periodico\/wp-json\/wp\/v2\/posts\/11079","targetHints":{"allow":["GET"]}}],"collection":[{"href":"https:\/\/vozobrera.org\/periodico\/wp-json\/wp\/v2\/posts"}],"about":[{"href":"https:\/\/vozobrera.org\/periodico\/wp-json\/wp\/v2\/types\/post"}],"author":[{"embeddable":true,"href":"https:\/\/vozobrera.org\/periodico\/wp-json\/wp\/v2\/users\/5"}],"replies":[{"embeddable":true,"href":"https:\/\/vozobrera.org\/periodico\/wp-json\/wp\/v2\/comments?post=11079"}],"version-history":[{"count":1,"href":"https:\/\/vozobrera.org\/periodico\/wp-json\/wp\/v2\/posts\/11079\/revisions"}],"predecessor-version":[{"id":11080,"href":"https:\/\/vozobrera.org\/periodico\/wp-json\/wp\/v2\/posts\/11079\/revisions\/11080"}],"wp:attachment":[{"href":"https:\/\/vozobrera.org\/periodico\/wp-json\/wp\/v2\/media?parent=11079"}],"wp:term":[{"taxonomy":"category","embeddable":true,"href":"https:\/\/vozobrera.org\/periodico\/wp-json\/wp\/v2\/categories?post=11079"},{"taxonomy":"post_tag","embeddable":true,"href":"https:\/\/vozobrera.org\/periodico\/wp-json\/wp\/v2\/tags?post=11079"}],"curies":[{"name":"wp","href":"https:\/\/api.w.org\/{rel}","templated":true}]}}