{"id":11077,"date":"2020-09-23T16:40:50","date_gmt":"2020-09-23T14:40:50","guid":{"rendered":"http:\/\/vozobrera.org\/periodico\/?p=11077"},"modified":"2020-09-23T16:40:50","modified_gmt":"2020-09-23T14:40:50","slug":"francia-plan-de-recuperacion-miles-de-millones-para-los-empleadores","status":"publish","type":"post","link":"https:\/\/vozobrera.org\/periodico\/francia-plan-de-recuperacion-miles-de-millones-para-los-empleadores\/","title":{"rendered":"Francia: plan de recuperaci\u00f3n: miles de millones para los empleadores"},"content":{"rendered":"<p>\u00abCuatro veces m\u00e1s que el plan de 2009 [en medio de la crisis financiera] y un tercio del presupuesto estatal\u201d, dijo el primer ministro Jean Castex, diciendo que deb\u00eda \u201cpreparar a Francia para 2030\u201d y que era \u201cprincipalmente para el clima y la biodiversidad. \u00bb<br \/>\nEste plan de 100.000 millones de euros, llamado France Relance, es esencialmente una transferencia de dinero p\u00fablico a empresas privadas. La transici\u00f3n ecol\u00f3gica, uno de los tres \u201cpilares\u201d del plan con una financiaci\u00f3n de 30.000 millones de euros, se utiliza de hecho como pretexto para las subvenciones a grupos privados. As\u00ed, el sector del hidr\u00f3geno, que hasta ahora se beneficiaba de 100 millones de euros en ayudas p\u00fablicas para la investigaci\u00f3n y el desarrollo, se beneficiar\u00e1 de 2.000 millones entre 2021 y 2022.<br \/>\nPero la medida m\u00e1s emblem\u00e1tica simplemente da satisfacci\u00f3n a una vieja demanda de los empleadores: la reducci\u00f3n de los llamados impuestos de producci\u00f3n por un importe de 20.000 millones en los pr\u00f3ximos dos a\u00f1os.<br \/>\nEl empleo se ha presentado como un objetivo central, pero las medidas que se supone que fomentan la contrataci\u00f3n de j\u00f3venes son, una y otra vez, pagar dinero a los empleadores. El plan ofrece una bonificaci\u00f3n de 5.000 euros por la contrataci\u00f3n de j\u00f3venes de forma alterna y una de 4.000 euros para un joven menor de 26 a\u00f1os, por un contrato de m\u00e1s de tres meses. \u00a1Es un bono precario!<br \/>\nPor lo tanto, con su plan de est\u00edmulo, el gobierno s\u00f3lo est\u00e1 aumentando la ya considerable parte del dinero p\u00fablico desviado a las arcas corporativas, sin control y sin consideraci\u00f3n, y finalmente a los canales de especulaci\u00f3n. Porque, incluso bajo la protecci\u00f3n de su Estado, la burgues\u00eda no tiene intenci\u00f3n de arriesgar su capital invirtiendo en una supuesta adquisici\u00f3n en la que no cree.<\/p>\n","protected":false},"excerpt":{"rendered":"<p>\u00abCuatro veces m\u00e1s que el plan de 2009 [en medio de la crisis financiera] y un tercio del presupuesto estatal\u201d, dijo el primer ministro Jean Castex, diciendo que deb\u00eda \u201cpreparar a Francia para 2030\u201d y que era \u201cprincipalmente para el clima y la biodiversidad. \u00bb Este plan de 100.000 millones de euros, llamado France Relance,&hellip;&nbsp;<a href=\"https:\/\/vozobrera.org\/periodico\/francia-plan-de-recuperacion-miles-de-millones-para-los-empleadores\/\" rel=\"bookmark\">Leer m\u00e1s &raquo;<span class=\"screen-reader-text\">Francia: plan de recuperaci\u00f3n: miles de millones para los empleadores<\/span><\/a><\/p>\n","protected":false},"author":5,"featured_media":0,"comment_status":"closed","ping_status":"closed","sticky":false,"template":"","format":"standard","meta":{"neve_meta_sidebar":"","neve_meta_container":"","neve_meta_enable_content_width":"off","neve_meta_content_width":0,"neve_meta_title_alignment":"","neve_meta_author_avatar":"","neve_post_elements_order":"","neve_meta_disable_header":"","neve_meta_disable_footer":"","neve_meta_disable_title":"","footnotes":""},"categories":[10],"tags":[608],"class_list":["post-11077","post","type-post","status-publish","format-standard","hentry","category-mensual","tag-sep20"],"_links":{"self":[{"href":"https:\/\/vozobrera.org\/periodico\/wp-json\/wp\/v2\/posts\/11077","targetHints":{"allow":["GET"]}}],"collection":[{"href":"https:\/\/vozobrera.org\/periodico\/wp-json\/wp\/v2\/posts"}],"about":[{"href":"https:\/\/vozobrera.org\/periodico\/wp-json\/wp\/v2\/types\/post"}],"author":[{"embeddable":true,"href":"https:\/\/vozobrera.org\/periodico\/wp-json\/wp\/v2\/users\/5"}],"replies":[{"embeddable":true,"href":"https:\/\/vozobrera.org\/periodico\/wp-json\/wp\/v2\/comments?post=11077"}],"version-history":[{"count":1,"href":"https:\/\/vozobrera.org\/periodico\/wp-json\/wp\/v2\/posts\/11077\/revisions"}],"predecessor-version":[{"id":11078,"href":"https:\/\/vozobrera.org\/periodico\/wp-json\/wp\/v2\/posts\/11077\/revisions\/11078"}],"wp:attachment":[{"href":"https:\/\/vozobrera.org\/periodico\/wp-json\/wp\/v2\/media?parent=11077"}],"wp:term":[{"taxonomy":"category","embeddable":true,"href":"https:\/\/vozobrera.org\/periodico\/wp-json\/wp\/v2\/categories?post=11077"},{"taxonomy":"post_tag","embeddable":true,"href":"https:\/\/vozobrera.org\/periodico\/wp-json\/wp\/v2\/tags?post=11077"}],"curies":[{"name":"wp","href":"https:\/\/api.w.org\/{rel}","templated":true}]}}