{"id":10655,"date":"2020-05-05T19:50:00","date_gmt":"2020-05-05T17:50:00","guid":{"rendered":"http:\/\/vozobrera.org\/periodico\/?p=10655"},"modified":"2020-05-05T19:50:00","modified_gmt":"2020-05-05T17:50:00","slug":"aeropolis-airbus-quiere-hacer-pagar-la-crisis-a-los-trabajadores","status":"publish","type":"post","link":"https:\/\/vozobrera.org\/periodico\/aeropolis-airbus-quiere-hacer-pagar-la-crisis-a-los-trabajadores\/","title":{"rendered":"AER\u00d3POLIS &#8211; Airbus quiere hacer pagar la crisis a los trabajadores"},"content":{"rendered":"<p>Seg\u00fan los informes oficiales, Airbus tendr\u00eda una p\u00e9rdida de 480 millones este primer trimestre, y el presidente de Airbus, Faury, anuncia que no hay otra alternativa que hacer sacrificios. Es as\u00ed que anuncia un ERTE masivo para todas las plantillas sin hablar de futuras medidas que a\u00fan est\u00e1n por concretar. En las plantillas de Espa\u00f1a no han esperado para poner este ERTE en marcha. En Getafe, la direcci\u00f3n anunci\u00f3 que los trabajadores se quedaran un d\u00eda en casa por semana, sin que se sepa c\u00f3mo afectar\u00e1 esto a sus ingresos.<br \/>\nQue la direcci\u00f3n de Airbus tenga problemas en este periodo, porque han bajado los pedidos, es posible. Pero hace a\u00f1os que los accionistas acumulan un dineral incre\u00edble. Desde 2014 reparten m\u00e1s de mil millones entre los accionistas, el r\u00e9cord lo consiguieron el a\u00f1o pasado: \u00a1casi 1.7 mil millones!<br \/>\nAdem\u00e1s, sin esperar el Covid 19, hace a\u00f1os que la direcci\u00f3n ataca las condiciones de trabajo de las plantillas, con contratos cada vez m\u00e1s precarios, sobre todo en las empresas subcontratadas y con m\u00e9todos cada vez m\u00e1s duros.<br \/>\nSolamente un par de meses antes del confinamiento, Airbus anunci\u00f3 un ERE para la parte militar en Espa\u00f1a. As\u00ed que el director puede lamentarse y llorar en todos los peri\u00f3dicos de Europa sobre lo dif\u00edcil que es esa nueva situaci\u00f3n, pero no seamos ingenuos, para ellos es una ocasi\u00f3n de justificar y ampliar sus ataques antiobreros.<br \/>\nEn todo caso los trabajadores no tenemos que pagar la cuenta. Dinero s\u00ed hay en los beneficios acumulados en los \u00faltimos a\u00f1os, en los bolsillos de los accionistas. Esta crisis es la de su sistema, que la paguen ellos: \u00a1prohibici\u00f3n de los despedidos y reparto del trabajo entre todos sin bajar los salarios!<\/p>\n","protected":false},"excerpt":{"rendered":"<p>Seg\u00fan los informes oficiales, Airbus tendr\u00eda una p\u00e9rdida de 480 millones este primer trimestre, y el presidente de Airbus, Faury, anuncia que no hay otra alternativa que hacer sacrificios. Es as\u00ed que anuncia un ERTE masivo para todas las plantillas sin hablar de futuras medidas que a\u00fan est\u00e1n por concretar. En las plantillas de Espa\u00f1a&hellip;&nbsp;<a href=\"https:\/\/vozobrera.org\/periodico\/aeropolis-airbus-quiere-hacer-pagar-la-crisis-a-los-trabajadores\/\" rel=\"bookmark\">Leer m\u00e1s &raquo;<span class=\"screen-reader-text\">AER\u00d3POLIS &#8211; Airbus quiere hacer pagar la crisis a los trabajadores<\/span><\/a><\/p>\n","protected":false},"author":5,"featured_media":0,"comment_status":"closed","ping_status":"closed","sticky":false,"template":"","format":"standard","meta":{"neve_meta_sidebar":"","neve_meta_container":"","neve_meta_enable_content_width":"","neve_meta_content_width":70,"neve_meta_title_alignment":"","neve_meta_author_avatar":"","neve_post_elements_order":"","neve_meta_disable_header":"","neve_meta_disable_footer":"","neve_meta_disable_title":"","footnotes":""},"categories":[586],"tags":[],"class_list":["post-10655","post","type-post","status-publish","format-standard","hentry","category-enlazada"],"_links":{"self":[{"href":"https:\/\/vozobrera.org\/periodico\/wp-json\/wp\/v2\/posts\/10655","targetHints":{"allow":["GET"]}}],"collection":[{"href":"https:\/\/vozobrera.org\/periodico\/wp-json\/wp\/v2\/posts"}],"about":[{"href":"https:\/\/vozobrera.org\/periodico\/wp-json\/wp\/v2\/types\/post"}],"author":[{"embeddable":true,"href":"https:\/\/vozobrera.org\/periodico\/wp-json\/wp\/v2\/users\/5"}],"replies":[{"embeddable":true,"href":"https:\/\/vozobrera.org\/periodico\/wp-json\/wp\/v2\/comments?post=10655"}],"version-history":[{"count":1,"href":"https:\/\/vozobrera.org\/periodico\/wp-json\/wp\/v2\/posts\/10655\/revisions"}],"predecessor-version":[{"id":10656,"href":"https:\/\/vozobrera.org\/periodico\/wp-json\/wp\/v2\/posts\/10655\/revisions\/10656"}],"wp:attachment":[{"href":"https:\/\/vozobrera.org\/periodico\/wp-json\/wp\/v2\/media?parent=10655"}],"wp:term":[{"taxonomy":"category","embeddable":true,"href":"https:\/\/vozobrera.org\/periodico\/wp-json\/wp\/v2\/categories?post=10655"},{"taxonomy":"post_tag","embeddable":true,"href":"https:\/\/vozobrera.org\/periodico\/wp-json\/wp\/v2\/tags?post=10655"}],"curies":[{"name":"wp","href":"https:\/\/api.w.org\/{rel}","templated":true}]}}