{"id":10645,"date":"2020-05-05T19:42:46","date_gmt":"2020-05-05T17:42:46","guid":{"rendered":"http:\/\/vozobrera.org\/periodico\/?p=10645"},"modified":"2020-05-05T19:42:46","modified_gmt":"2020-05-05T17:42:46","slug":"correos-desescalada","status":"publish","type":"post","link":"https:\/\/vozobrera.org\/periodico\/correos-desescalada\/","title":{"rendered":"CORREOS &#8211; \u00bfDesescalada?"},"content":{"rendered":"<p>Parece ser que Correos ha comunicado su intenci\u00f3n de ir a m\u00e1s, de tal manera que en la semana del 4 de mayo estemos al 100% funcionando. As\u00ed se lo ha comunicado a las organizaciones sindicales.<br \/>\nSea verdad o una forma de meter presi\u00f3n, refleja el hecho de que quieren tener a todos trabajando y cuanto antes. Y lo que menos importa son sus posibles consecuencias m\u00e9dicas. Tanto es as\u00ed que quieren que el 11 de mayo se incorporen los mayores de 60 a\u00f1os. El resto del personal con patolog\u00edas a criterio de la baja m\u00e9dica.<br \/>\nEl trabajo ha disminuido significativamente y sin embargo y pese al peligro letal quieren a todos funcionando. \u00bfGente as\u00ed qu\u00e9 se merece?<\/p>\n","protected":false},"excerpt":{"rendered":"<p>Parece ser que Correos ha comunicado su intenci\u00f3n de ir a m\u00e1s, de tal manera que en la semana del 4 de mayo estemos al 100% funcionando. As\u00ed se lo ha comunicado a las organizaciones sindicales. Sea verdad o una forma de meter presi\u00f3n, refleja el hecho de que quieren tener a todos trabajando y&hellip;&nbsp;<a href=\"https:\/\/vozobrera.org\/periodico\/correos-desescalada\/\" rel=\"bookmark\">Leer m\u00e1s &raquo;<span class=\"screen-reader-text\">CORREOS &#8211; \u00bfDesescalada?<\/span><\/a><\/p>\n","protected":false},"author":5,"featured_media":0,"comment_status":"closed","ping_status":"closed","sticky":false,"template":"","format":"standard","meta":{"neve_meta_sidebar":"","neve_meta_container":"","neve_meta_enable_content_width":"","neve_meta_content_width":70,"neve_meta_title_alignment":"","neve_meta_author_avatar":"","neve_post_elements_order":"","neve_meta_disable_header":"","neve_meta_disable_footer":"","neve_meta_disable_title":"","footnotes":""},"categories":[586],"tags":[],"class_list":["post-10645","post","type-post","status-publish","format-standard","hentry","category-enlazada"],"_links":{"self":[{"href":"https:\/\/vozobrera.org\/periodico\/wp-json\/wp\/v2\/posts\/10645","targetHints":{"allow":["GET"]}}],"collection":[{"href":"https:\/\/vozobrera.org\/periodico\/wp-json\/wp\/v2\/posts"}],"about":[{"href":"https:\/\/vozobrera.org\/periodico\/wp-json\/wp\/v2\/types\/post"}],"author":[{"embeddable":true,"href":"https:\/\/vozobrera.org\/periodico\/wp-json\/wp\/v2\/users\/5"}],"replies":[{"embeddable":true,"href":"https:\/\/vozobrera.org\/periodico\/wp-json\/wp\/v2\/comments?post=10645"}],"version-history":[{"count":1,"href":"https:\/\/vozobrera.org\/periodico\/wp-json\/wp\/v2\/posts\/10645\/revisions"}],"predecessor-version":[{"id":10646,"href":"https:\/\/vozobrera.org\/periodico\/wp-json\/wp\/v2\/posts\/10645\/revisions\/10646"}],"wp:attachment":[{"href":"https:\/\/vozobrera.org\/periodico\/wp-json\/wp\/v2\/media?parent=10645"}],"wp:term":[{"taxonomy":"category","embeddable":true,"href":"https:\/\/vozobrera.org\/periodico\/wp-json\/wp\/v2\/categories?post=10645"},{"taxonomy":"post_tag","embeddable":true,"href":"https:\/\/vozobrera.org\/periodico\/wp-json\/wp\/v2\/tags?post=10645"}],"curies":[{"name":"wp","href":"https:\/\/api.w.org\/{rel}","templated":true}]}}