{"id":10446,"date":"2020-03-30T15:53:54","date_gmt":"2020-03-30T13:53:54","guid":{"rendered":"http:\/\/vozobrera.org\/periodico\/?p=10446"},"modified":"2020-07-29T11:40:05","modified_gmt":"2020-07-29T09:40:05","slug":"la-realidad-del-gobierno-de-progreso-una-vela-a-dios-y-otra-al-diablo","status":"publish","type":"post","link":"https:\/\/vozobrera.org\/periodico\/la-realidad-del-gobierno-de-progreso-una-vela-a-dios-y-otra-al-diablo\/","title":{"rendered":"La realidad del gobierno de \u201cprogreso\u201d: una vela a Dios y otra al diablo"},"content":{"rendered":"<p style=\"text-align: justify;\"><strong>Ante una situaci\u00f3n de emergencia econ\u00f3mica y social tan grave hay que tener una respuesta solidaria e igualitaria que proteja a la sociedad y los m\u00e1s d\u00e9biles. En Espa\u00f1a el coronavirus ha puesto en evidencia una sociedad con muchas carencias y desigualdades, con un sistema de producci\u00f3n basado en la obtenci\u00f3n del m\u00e1ximo beneficio empresarial a costa de las clases populares y trabajadoras.<\/strong><\/p>\n<p style=\"text-align: justify;\">La crisis sanitaria est\u00e1 poniendo a prueba al gobierno de \u201cizquierdas\u201d PSOE\/Podemos. Son en los momentos de emergencia colectiva cuando se ven las grietas de esta sociedad y la diferencia de clases sociales. Y la pol\u00edtica reformista del gobierno quiere contentar a todos e intenta poner una vela a Dios y otra al diablo, con lo cual siempre gana el que tiene en sus manos los recursos y el poder del capital.<\/p>\n<p style=\"text-align: justify;\">El gobierno de \u201cprogreso\u201d intenta mantener una cara social, sin imponer medidas sobre los beneficios empresariales y las grandes empresas. As\u00ed la \u00faltima medida anunciada ante el cierre de sectores productivos no esenciales, es un permiso retribuido para los trabajadores que no vayan a trabajar estas dos semanas, desde el lunes 30 de marzo hasta el 9 de abril. Pero las horas del permiso ser\u00e1n recuperadas por el empresario.<\/p>\n<p style=\"text-align: justify;\">Y que no se diga que se proh\u00edben los despidos porque es mentira. La ministra de Trabajo compareci\u00f3 ante los medios para anunciar que limitaba el despido \u201cpor causas t\u00e9cnicas y de producci\u00f3n\u201d, el llamado despido objetivo. Pero en realidad, como est\u00e1n se\u00f1alando muchos abogados laboralistas y organizaciones \u201c<strong>esta medida no impide los despidos, sino que <\/strong><strong>los encarece<\/strong><strong>\u00ab<\/strong>. Esta ministra de Podemos, con carnet del PCE, cuando ya han sido despedidos un mill\u00f3n de trabajadores individualmente declar\u00f3 <em>\u201cque en nuestro pa\u00eds nadie puede aprovecharse de esta crisis sanitaria. No se puede utilizar el Covid 19 para despedir. En este sentido abordamos legislativamente la imposibilidad de propiciar despidos por causas de fuerza mayor, t\u00e9cnicas, econ\u00f3micas, organizativas y de producci\u00f3n. No se puede despedir porque como saben, hemos puesto los mecanismos legales y los recursos p\u00fablicos ingentes para que puedan acudir a los expedientes temporales de regulaci\u00f3n de empleo.\u201d <\/em>Y ni esta leve medida la hizo retroactiva.<\/p>\n<p style=\"text-align: justify;\">Estas declaraciones revelan, una vez m\u00e1s, a qu\u00e9 nos lleva un gobierno de coalici\u00f3n de \u201cprogreso\u201d que intenta poner una vela a Dios y otra al diablo. Quieren parar los despidos con los ERTE y \u00e9stos no son m\u00e1s que una ayuda para los trabajadores que se puedan acoger a ellos, -se dice que unos tres millones- y que son pagados por las cotizaciones sociales de toda la clase trabajadora. Por el contrario, se exonera a las grandes empresas de pagar impuestos, y de pagar con sus beneficios los salarios de sus trabajadores. Resultado: sus beneficios no se tocan. Todos esos trabajadores y trabajadoras que han producido plusval\u00edas y beneficios enormes para los empresarios son mandados al desempleo, casi sin coste para el empresario. Es la cl\u00e1sica situaci\u00f3n de privatizaci\u00f3n de los beneficios (o sea, la extracci\u00f3n de plusval\u00edas procedentes del trabajo) y socializaci\u00f3n de las p\u00e9rdidas (flexibilizaci\u00f3n del despido en momentos de dificultades).<\/p>\n<p style=\"text-align: justify;\">\u00bfY qu\u00e9 se va a hacer con los trabajadores pobres que ya est\u00e1n sufriendo la situaci\u00f3n? El Banco de Espa\u00f1a estima en 4,5 millones de hogares, \u00abcasi un 25 % del total\u00bb, y \u00abunos 12 millones de personas\u201d que est\u00e1n bajo el umbral de la pobreza.<\/p>\n<p style=\"text-align: justify;\">Desde el primer momento, desde el decreto de alarma, las medidas de \u201cprogreso\u201d han beneficiado a la banca y a las grandes empresas. Los cien mil millones en avales no son m\u00e1s que la garant\u00eda para que la banca siga haciendo sus negocios de pr\u00e9stamos y sin control por parte de nadie. Se\u00f1ores, la gran patronal gana y los trabajadores pierden.<\/p>\n<p style=\"text-align: justify;\">\u201cA grandes males grandes remedios\u201d dice el refr\u00e1n popular; pero este gobierno no se ha atrevido, a pesar del n\u00famero de muertos de la pandemia. \u00danicamente tomando un peque\u00f1o tanto por ciento de las grandes riquezas que acumula la burgues\u00eda, hubiese servido para confinar en casa a todos los trabajadores que no son indispensables, con su sueldo \u00edntegro, y a los sanitarios trabajando con todos los medios y seguridad requeridos.<\/p>\n<p style=\"text-align: justify;\">No se puede poner una vela a Dios y otra al diablo, sobre todo cuando hay vidas en juego. A partir de esta crisis ya no seremos los mismos y es seguro que la clase trabajadora expresar\u00e1 su indignaci\u00f3n en las empresas y en la calle exigiendo sus reivindicaciones. No hay que olvidar.<\/p>\n","protected":false},"excerpt":{"rendered":"<p>Ante una situaci\u00f3n de emergencia econ\u00f3mica y social tan grave hay que tener una respuesta solidaria e igualitaria que proteja a la sociedad y los m\u00e1s d\u00e9biles. En Espa\u00f1a el coronavirus ha puesto en evidencia una sociedad con muchas carencias y desigualdades, con un sistema de producci\u00f3n basado en la obtenci\u00f3n del m\u00e1ximo beneficio empresarial&hellip;&nbsp;<a href=\"https:\/\/vozobrera.org\/periodico\/la-realidad-del-gobierno-de-progreso-una-vela-a-dios-y-otra-al-diablo\/\" rel=\"bookmark\">Leer m\u00e1s &raquo;<span class=\"screen-reader-text\">La realidad del gobierno de \u201cprogreso\u201d: una vela a Dios y otra al diablo<\/span><\/a><\/p>\n","protected":false},"author":5,"featured_media":0,"comment_status":"closed","ping_status":"closed","sticky":false,"template":"","format":"standard","meta":{"neve_meta_sidebar":"","neve_meta_container":"","neve_meta_enable_content_width":"","neve_meta_content_width":70,"neve_meta_title_alignment":"","neve_meta_author_avatar":"","neve_post_elements_order":"","neve_meta_disable_header":"","neve_meta_disable_footer":"","neve_meta_disable_title":"","footnotes":""},"categories":[90,37],"tags":[603],"class_list":["post-10446","post","type-post","status-publish","format-standard","hentry","category-editoriales","category-lucha-de-clase","tag-ldc4covid"],"_links":{"self":[{"href":"https:\/\/vozobrera.org\/periodico\/wp-json\/wp\/v2\/posts\/10446","targetHints":{"allow":["GET"]}}],"collection":[{"href":"https:\/\/vozobrera.org\/periodico\/wp-json\/wp\/v2\/posts"}],"about":[{"href":"https:\/\/vozobrera.org\/periodico\/wp-json\/wp\/v2\/types\/post"}],"author":[{"embeddable":true,"href":"https:\/\/vozobrera.org\/periodico\/wp-json\/wp\/v2\/users\/5"}],"replies":[{"embeddable":true,"href":"https:\/\/vozobrera.org\/periodico\/wp-json\/wp\/v2\/comments?post=10446"}],"version-history":[{"count":2,"href":"https:\/\/vozobrera.org\/periodico\/wp-json\/wp\/v2\/posts\/10446\/revisions"}],"predecessor-version":[{"id":10448,"href":"https:\/\/vozobrera.org\/periodico\/wp-json\/wp\/v2\/posts\/10446\/revisions\/10448"}],"wp:attachment":[{"href":"https:\/\/vozobrera.org\/periodico\/wp-json\/wp\/v2\/media?parent=10446"}],"wp:term":[{"taxonomy":"category","embeddable":true,"href":"https:\/\/vozobrera.org\/periodico\/wp-json\/wp\/v2\/categories?post=10446"},{"taxonomy":"post_tag","embeddable":true,"href":"https:\/\/vozobrera.org\/periodico\/wp-json\/wp\/v2\/tags?post=10446"}],"curies":[{"name":"wp","href":"https:\/\/api.w.org\/{rel}","templated":true}]}}