{"id":10427,"date":"2020-03-28T18:11:48","date_gmt":"2020-03-28T16:11:48","guid":{"rendered":"http:\/\/vozobrera.org\/periodico\/?p=10427"},"modified":"2020-03-28T18:50:11","modified_gmt":"2020-03-28T16:50:11","slug":"49-congreso-de-lutte-ouvriere","status":"publish","type":"post","link":"https:\/\/vozobrera.org\/periodico\/49-congreso-de-lutte-ouvriere\/","title":{"rendered":"49 Congreso de Lutte Ouvri\u00e9re"},"content":{"rendered":"<table style=\"border-collapse: collapse; width: 100%;\">\n<tbody>\n<tr>\n<td style=\"width: 33.3333%;\"><div class=\"su-posts su-posts-teaser-loop\">\n\t\t\t\t\t<div id=\"su-post-10424\" class=\"su-post\">\n\t\t\t\t\t\t\t\t\t\t<h2 class=\"su-post-title\"><a href=\"https:\/\/vozobrera.org\/periodico\/la-situacion-social-economica-y-politica-en-espana\/\">La situaci\u00f3n social, econ\u00f3mica y pol\u00edtica en Espa\u00f1a<\/a><\/h2>\n\t\t\t\t<\/div>\n\t\t\t\t\t\t\t\t<div id=\"su-post-10422\" class=\"su-post\">\n\t\t\t\t\t\t\t\t\t\t<h2 class=\"su-post-title\"><a href=\"https:\/\/vozobrera.org\/periodico\/la-crisis-de-la-economia-capitalista\/\">La crisis de la econom\u00eda capitalista<\/a><\/h2>\n\t\t\t\t<\/div>\n\t\t\t\t\t\t\t\t<div id=\"su-post-10418\" class=\"su-post\">\n\t\t\t\t\t\t\t\t\t\t<h2 class=\"su-post-title\"><a href=\"https:\/\/vozobrera.org\/periodico\/comentarios-sobre-los-textos-de-orientacion-politica-fragmentos\/\">Comentarios sobre los textos de orientaci\u00f3n pol\u00edtica (fragmentos)<\/a><\/h2>\n\t\t\t\t<\/div>\n\t\t\t\t\t\t\t\t<div id=\"su-post-10416\" class=\"su-post\">\n\t\t\t\t\t\t\t\t\t\t<h2 class=\"su-post-title\"><a href=\"https:\/\/vozobrera.org\/periodico\/el-movimiento-contra-la-reforma-de-las-pensiones\/\">El movimiento contra la reforma de las pensiones<\/a><\/h2>\n\t\t\t\t<\/div>\n\t\t\t\t\t\t\t\t<div id=\"su-post-10410\" class=\"su-post\">\n\t\t\t\t\t\t\t\t\t\t<h2 class=\"su-post-title\"><a href=\"https:\/\/vozobrera.org\/periodico\/las-relaciones-internacionales-1a-parte\/\">LAS RELACIONES INTERNACIONALES &#8211; 1\u00aa Parte<\/a><\/h2>\n\t\t\t\t<\/div>\n\t\t\t\t\t\t\t\t<div id=\"su-post-10406\" class=\"su-post\">\n\t\t\t\t\t\t\t\t\t\t<h2 class=\"su-post-title\"><a href=\"https:\/\/vozobrera.org\/periodico\/las-relaciones-internacionales\/\">LAS RELACIONES INTERNACIONALES &#8211; 2\u00aa Parte<\/a><\/h2>\n\t\t\t\t<\/div>\n\t\t\t\t\t\t\t\t<div id=\"su-post-10404\" class=\"su-post\">\n\t\t\t\t\t\t\t\t\t\t<h2 class=\"su-post-title\"><a href=\"https:\/\/vozobrera.org\/periodico\/combat-ouvrier-islas-caribenas-de-martinica-y-guadalupe\/\">COMBAT OUVRIER (islas caribe\u00f1as de Martinica y Guadalupe)<\/a><\/h2>\n\t\t\t\t<\/div>\n\t\t\t\t\t\t\t\t<div id=\"su-post-10402\" class=\"su-post\">\n\t\t\t\t\t\t\t\t\t\t<h2 class=\"su-post-title\"><a href=\"https:\/\/vozobrera.org\/periodico\/the-spark-ee-uu\/\">THE SPARK (EE. UU.)<\/a><\/h2>\n\t\t\t\t<\/div>\n\t\t\t\t<\/div><\/td>\n<td style=\"width: 33.3333%;\">\n<h2><img loading=\"lazy\" decoding=\"async\" class=\"size-medium wp-image-9393 aligncenter\" src=\"https:\/\/vozobrera.org\/periodico\/wp-content\/uploads\/2020\/03\/Portada_web.jpg\" alt=\"\" width=\"300\" height=\"137\" \/><a href=\"https:\/\/vozobrera.org\/periodico\/wp-content\/uploads\/2020\/03\/LDC-49-Congreso_.pdf\"><img loading=\"lazy\" decoding=\"async\" class=\"wp-image-9710 aligncenter\" src=\"https:\/\/vozobrera.org\/periodico\/wp-content\/uploads\/2019\/04\/boton-pdf-on.png\" alt=\"\" width=\"111\" height=\"49\" \/><\/a><\/h2>\n<\/td>\n<td style=\"width: 33.3333%;\"><div class=\"su-posts su-posts-teaser-loop\">\n\t\t\t\t\t<div id=\"su-post-10400\" class=\"su-post\">\n\t\t\t\t\t\t\t\t\t\t<h2 class=\"su-post-title\"><a href=\"https:\/\/vozobrera.org\/periodico\/workers-fight-gran-bretana\/\">WORKER\u2019S FIGHT (Gran Breta\u00f1a)<\/a><\/h2>\n\t\t\t\t<\/div>\n\t\t\t\t\t\t\t\t<div id=\"su-post-10398\" class=\"su-post\">\n\t\t\t\t\t\t\t\t\t\t<h2 class=\"su-post-title\"><a href=\"https:\/\/vozobrera.org\/periodico\/lutte-ouvriere-arbeider-sstrijd-belgica\/\">LUTTE OUVRIERE\/ARBEIDER- SSTRIJD (B\u00e9lgica)<\/a><\/h2>\n\t\t\t\t<\/div>\n\t\t\t\t\t\t\t\t<div id=\"su-post-10396\" class=\"su-post\">\n\t\t\t\t\t\t\t\t\t\t<h2 class=\"su-post-title\"><a href=\"https:\/\/vozobrera.org\/periodico\/bund-revoltionarer-arbeiter-alemania\/\">BUND REVOLTION\u00c4RER ARBEITER (Alemania)<\/a><\/h2>\n\t\t\t\t<\/div>\n\t\t\t\t\t\t\t\t<div id=\"su-post-10394\" class=\"su-post\">\n\t\t\t\t\t\t\t\t\t\t<h2 class=\"su-post-title\"><a href=\"https:\/\/vozobrera.org\/periodico\/lutte-ouvriere-isla-de-reunion\/\">LUTTE OUVRIERE (isla de Reuni\u00f3n)<\/a><\/h2>\n\t\t\t\t<\/div>\n\t\t\t\t\t\t\t\t<div id=\"su-post-10392\" class=\"su-post\">\n\t\t\t\t\t\t\t\t\t\t<h2 class=\"su-post-title\"><a href=\"https:\/\/vozobrera.org\/periodico\/organisation-des-travailleurs-revolutionnaires-otr-haiti\/\">ORGANISATION DES TRAVAILLEURS R\u00c9VOLUTIONNAIRES, OTR (Hait\u00ed)<\/a><\/h2>\n\t\t\t\t<\/div>\n\t\t\t\t\t\t\t\t<div id=\"su-post-10390\" class=\"su-post\">\n\t\t\t\t\t\t\t\t\t\t<h2 class=\"su-post-title\"><a href=\"https:\/\/vozobrera.org\/periodico\/union-africaine-des-tra-vailleurs-communistes-in-ternationalistes-costa-de-marfil\/\">UNION AFRICAINE DES TRA- VAILLEURS COMMUNISTES IN- TERNATIONALISTES (Costa de Marf\u00edl)<\/a><\/h2>\n\t\t\t\t<\/div>\n\t\t\t\t\t\t\t\t<div id=\"su-post-10388\" class=\"su-post\">\n\t\t\t\t\t\t\t\t\t\t<h2 class=\"su-post-title\"><a href=\"https:\/\/vozobrera.org\/periodico\/sinif-mucadelesi-turquia\/\">SINIF M\u00dcCADELESI (Turqu\u00eda)<\/a><\/h2>\n\t\t\t\t<\/div>\n\t\t\t\t\t\t\t\t<div id=\"su-post-10386\" class=\"su-post\">\n\t\t\t\t\t\t\t\t\t\t<h2 class=\"su-post-title\"><a href=\"https:\/\/vozobrera.org\/periodico\/linternazionale-italia\/\">L\u2019INTERNAZIONALE (Italia)<\/a><\/h2>\n\t\t\t\t<\/div>\n\t\t\t\t<\/div><\/td>\n<\/tr>\n<\/tbody>\n<\/table>\n<p>&nbsp;<\/p>\n<p>&nbsp;<\/p>\n","protected":false},"excerpt":{"rendered":"<p>&nbsp; &nbsp;<\/p>\n","protected":false},"author":5,"featured_media":0,"comment_status":"closed","ping_status":"closed","sticky":false,"template":"","format":"standard","meta":{"neve_meta_sidebar":"","neve_meta_container":"","neve_meta_enable_content_width":"","neve_meta_content_width":70,"neve_meta_title_alignment":"","neve_meta_author_avatar":"","neve_post_elements_order":"","neve_meta_disable_header":"","neve_meta_disable_footer":"","neve_meta_disable_title":"","footnotes":""},"categories":[37],"tags":[],"class_list":["post-10427","post","type-post","status-publish","format-standard","hentry","category-lucha-de-clase"],"_links":{"self":[{"href":"https:\/\/vozobrera.org\/periodico\/wp-json\/wp\/v2\/posts\/10427","targetHints":{"allow":["GET"]}}],"collection":[{"href":"https:\/\/vozobrera.org\/periodico\/wp-json\/wp\/v2\/posts"}],"about":[{"href":"https:\/\/vozobrera.org\/periodico\/wp-json\/wp\/v2\/types\/post"}],"author":[{"embeddable":true,"href":"https:\/\/vozobrera.org\/periodico\/wp-json\/wp\/v2\/users\/5"}],"replies":[{"embeddable":true,"href":"https:\/\/vozobrera.org\/periodico\/wp-json\/wp\/v2\/comments?post=10427"}],"version-history":[{"count":8,"href":"https:\/\/vozobrera.org\/periodico\/wp-json\/wp\/v2\/posts\/10427\/revisions"}],"predecessor-version":[{"id":10437,"href":"https:\/\/vozobrera.org\/periodico\/wp-json\/wp\/v2\/posts\/10427\/revisions\/10437"}],"wp:attachment":[{"href":"https:\/\/vozobrera.org\/periodico\/wp-json\/wp\/v2\/media?parent=10427"}],"wp:term":[{"taxonomy":"category","embeddable":true,"href":"https:\/\/vozobrera.org\/periodico\/wp-json\/wp\/v2\/categories?post=10427"},{"taxonomy":"post_tag","embeddable":true,"href":"https:\/\/vozobrera.org\/periodico\/wp-json\/wp\/v2\/tags?post=10427"}],"curies":[{"name":"wp","href":"https:\/\/api.w.org\/{rel}","templated":true}]}}