{"id":10394,"date":"2020-03-26T23:00:28","date_gmt":"2020-03-26T21:00:28","guid":{"rendered":"http:\/\/vozobrera.org\/periodico\/?p=10394"},"modified":"2020-03-26T23:00:28","modified_gmt":"2020-03-26T21:00:28","slug":"lutte-ouvriere-isla-de-reunion","status":"publish","type":"post","link":"https:\/\/vozobrera.org\/periodico\/lutte-ouvriere-isla-de-reunion\/","title":{"rendered":"LUTTE OUVRIERE (isla de Reuni\u00f3n)"},"content":{"rendered":"<p>El movimiento de los chalecos amarillos ha marcado el final del a\u00f1o pasado (2018). Nosotros contamos aqu\u00ed hace un a\u00f1o su importancia y sus l\u00edmites.<\/p>\n<p>Este a\u00f1o, el aniversario del 17 de noviembre se celebr\u00f3 con dos concentraciones, una al norte y la otra al sur, con un centenar de manifestantes que quer\u00edan afirmar su descontento porque ninguna reivindicaci\u00f3n ha sido satisfecha.<\/p>\n<p>El pasado 5 de diciembre, los chalecos amarillos fueron a la movilizaci\u00f3n intersindical, tomando la iniciativa de operaciones en las carreteras. Hubo pues dos manifestaciones (lo cual no gust\u00f3 a los sindicalistas), porque en el sur un millar de manifestantes no pudieron llegar hasta Saint-Denis. Se han contado unos cinco mil participantes en total.<\/p>\n<p>El \u00e9xito de este cinco de diciembre anim\u00f3 a la coordinaci\u00f3n intersindical a convocar otra movilizaci\u00f3n para el martes que viene.<\/p>\n<p>En una carta que el secretario confederal de la CGTR (la CGT de Reuni\u00f3n) dirigi\u00f3 a los militantes, se puede leer lo siguiente: <em>\u201cEl movimiento, lejos de ser corporativista, re\u00fane reivindicaciones y exigencias de emergencia social, ecol\u00f3gica, que brotan de la profunda miseria generalizada. Y m\u00e1s all\u00e1 de ellas, se trata de condenar el capitalismo que nos lleva a la ruina y a la guerra&#8230;<\/em><\/p>\n<p><em>Los pensionistas maltratados, los marginales machacados, los j\u00f3venes abandonados, los desempleados sacrificados; los trabajadores convertidos en variable de ajuste; nadie escapa del \u201cnuevo mundo\u201d pero cada uno lo vive a su manera: mientras los pobres se empobrecen, los ricos se enriquecen.\u201d<\/em><\/p>\n<h5>Situaci\u00f3n social<\/h5>\n<p><strong>\u00a0<\/strong>El movimiento de los chalecos amarillos ha echado una luz viva sobre qu\u00e9 significa no poder m\u00e1s. Las cifras del instituto nacional de estad\u00edstica demuestran la misma tendencia: el sube el paro. En 2018 era del 24%, o sea 170.000 los parados y precarios, entre los cuales un 42% de los menores de 30 a\u00f1os.<\/p>\n<p>La sociedad se est\u00e1 derritiendo. Reuni\u00f3n est\u00e1 entre los tres territorios con m\u00e1s violencia conyugal y dentro de la familia (con C\u00f3rcega y Guayana francesa). En 2018, el suicidio se convirti\u00f3 en la primera causa de mortalidad entre los j\u00f3venes.<\/p>\n<p>La religiosidad progresa con m\u00e1s rapidez que las ideas comunistas. Adem\u00e1s del catolicismo, el hinduismo (segunda religi\u00f3n en la isla), el islamismo y muchas otras sectas se llenan de gente.<\/p>\n<p>En 2019, el primer templo b\u00fadico tibetano del Oc\u00e9ano \u00cdndico fue inaugurado en la isla porque, seg\u00fan dicen, el budismo cl\u00e1sico se ha convertido en una tradici\u00f3n cultural m\u00e1s bien que en una religi\u00f3n para la poblaci\u00f3n de origen asi\u00e1tico, que ha adoptado el catolicismo. Para atraer a las clases populares, \u00a1hay m\u00e1s templos que los del consumo!<\/p>\n<p>Religi\u00f3n y nacionalismo oscurecen la consciencia. Afortunadamente, sin embargo, los trabajadores no siempre son inm\u00f3viles ante los ataques del gobierno y la patronal.<\/p>\n<p>Ya sea en el sector p\u00fablico o en el privado, los trabajadores se defienden. A lo largo del a\u00f1o se produjeron huelgas, aunque locales, por los sueldos, las condiciones laborales, contra los despidos y las sanciones.<\/p>\n<p>En los hospitales de Saint-Denis y Saint-Pierre, varios movimientos reunieron a centenares de trabajadores para denunciar la falta de gente, especialmente en los servicios de Urgencias, as\u00ed como el agotamiento de los empleados, la desaparici\u00f3n del servicio de cirug\u00eda pedi\u00e1trica del sur y su centralizaci\u00f3n en el norte. Igualmente se han movido las tesorer\u00edas p\u00fablicas, de las cuales 9 deben cerrar; y los centros de reparto de correos del este y del sur, contra los despidos y los horarios imposibles, y por la contrataci\u00f3n de m\u00e1s compa\u00f1eros.<\/p>\n<h5>Hay trabajadores que levantan la cabeza<\/h5>\n<p><strong>\u00a0<\/strong>La patronal impone a diario la agravaci\u00f3n de las condiciones laborales y de existencia. Sucede que los proletarios ya no aceptan la injusticia y las humillaciones.<\/p>\n<p>As\u00ed pues, los trabajadores de una empresa de ayuda a las personas, que cuenta con 550 empleados en toda la isla, reaccionaron. La empresa vive con fondos p\u00fablicos de la administraci\u00f3n local y los dos gerentes fueron condenados por abusos, al igual que muchos otros patrones, peque\u00f1os y grandes, que roban dinero y se creen que est\u00e1n por encima de la ley.<\/p>\n<p>Hubo trabajadoras que levantaron la cabeza y se empe\u00f1aron en convencer a sus compa\u00f1eras de la necesidad de organizarse para defenderse. Con la ayuda de la uni\u00f3n regional CGT-R pudieron sortear las trampas de la direcci\u00f3n y convertirse en el primer sindicato de la empresa, con 7 representantes titulares y 7 reemplazantes en el consejo de empresa, o sea m\u00e1s que los otros dos sindicatos, sometidos al patr\u00f3n.<\/p>\n<p>El pasado 18 de noviembre, el patr\u00f3n caribe\u00f1o Hayot que es due\u00f1o de los almacenes \u201cM. Bricolage\u201d, fue condenado por el tribunal por violaci\u00f3n del descanso semanal del domingo, tras una queja de la federaci\u00f3n de comercio de CGT-R.<\/p>\n<p>La direcci\u00f3n no acept\u00f3 la decisi\u00f3n y puso en marcha una maquinaria de menosprecio a la CGT-R, que se encargaron de transmitir la prensa local y las redes sociales, con amenazas contra los militantes. Para aumentar la presi\u00f3n, el patr\u00f3n empez\u00f3 cerrando los almacenes el domingo por la ma\u00f1ana a\u00fan all\u00ed donde el tribunal autorizaba la apertura. Luego, un reportaje de la tele p\u00fablica mostr\u00f3 a empleados voluntarios y estudiantes que ya no pod\u00edan ganar su dinero del domingo, y protestaban contra el supuesto ataque a su libertad de trabajar.<\/p>\n<p>El dato que se coment\u00f3 mucho en los medios fue la compra de Vindemia, el grupo de distribuci\u00f3n propiedad de Casino, por el grupo caribe\u00f1o Hayot, robando la oportunidad a los capitalistas de la isla. Ahora est\u00e1n muy descontentos con lo sucedido.<\/p>\n<p>Uno de ellos, un tipo de beke local, aplaudi\u00f3 la intervenci\u00f3n de todos los pol\u00edticos locales, desde los Republicanos (derecha) hasta el Partido Socialista, pasando por el PLR (disidentes del PC) y LFI (Melenchon). Juntos mandaron una carta al presidente Macron, para llamarle la atenci\u00f3n sobre el peligro de una situaci\u00f3n de monopolio, y pedir su actuaci\u00f3n.<\/p>\n<h5>Situaci\u00f3n pol\u00edtica<\/h5>\n<p><strong>\u00a0<\/strong>Macron estuvo en Reuni\u00f3n los d\u00edas 23 y 24 de octubre. Durante su visita, anunci\u00f3 una exenci\u00f3n total de cotizaciones sociales de los patrones, hasta dos veces el salario m\u00ednimo (en vez del 1,3 salario m\u00ednimo actual), una prima anual de\u00a015.000 euros para cada contrataci\u00f3n indefinida y 7.000 euros para cada contrataci\u00f3n definida, y la garant\u00eda de que se mantendr\u00e1 hasta 2021 la subvenci\u00f3n de 28 millones de euros al sector de la ca\u00f1a de az\u00facar \u2013 es decir, esencialmente, al grupo capitalista Tereos.<\/p>\n<p>Se ve que Macron recibi\u00f3 perfectamente el mensaje de la patronal. Para su viaje en octubre, Macron moviliz\u00f3 a 1.500 polic\u00edas y gendarmes, pero no pudieron evitar que j\u00f3venes del barrio popular de Camelias se dirigieran a \u00e9l diciendo que ya no cre\u00edan en las promesas de los pol\u00edticos. Y fue el propio Macron el que los acus\u00f3 de \u201chacer el show\u201d, o sea de aprovechar la venida de las c\u00e1maras de televisi\u00f3n.<\/p>\n<p>En cuanto a Macron, la opini\u00f3n de que est\u00e1 al servicio de los ricos y los patrones est\u00e1 muy presente entre las clases populares. Sin embargo, en lo pol\u00edtico, el resultado es la abstenci\u00f3n y el voto al Rassemblement national.<\/p>\n<p>Algunos datos:<\/p>\n<ul>\n<li>en la primera vuelta de las elecciones presidenciales de 2017, Le Pen lleg\u00f3 segunda detr\u00e1s de M\u00e9lenchon, con el 23, 5% de los<\/li>\n<li>dos a\u00f1os despu\u00e9s, en las europeas de 2019, fue el RN el que lleg\u00f3 primero, con el 31,2%.<\/li>\n<\/ul>\n<p>En la isla de Mayotte (otro territorio ultramarino franc\u00e9s del oc\u00e9ano \u00edndico), los efectos de la crisis y el sentimiento de que la inmigraci\u00f3n se r\u00eda una amenaza producen una progresi\u00f3n m\u00e1s espectacular a\u00fan del voto a la extrema derecha:\u00a01.257 votos en las europeas de 2014. 9.000 votos en las presidenciales de 2017 y 9.717 votos en las elecciones europeas de 2019, o sea el 46%.<\/p>\n<p>Ya sean de derechas o de izquierdas, los pol\u00edticos de la isla vienen dirigiendo los negocios de la burgues\u00eda desde hace d\u00e9cadas. Han demostrado su extraordinaria capacidad de renegar opiniones antes abanderadas, vendi\u00e9ndose por un plato de lentejas hecho en las cocinas electorales.<\/p>\n<p>Si bien es viva la competencia por tener un asiento en la mesa, en el fondo, todos comparten la misma perspectiva de un nacionalismo local pero sin abandonar el marco del Estado franc\u00e9s.<\/p>\n<p>A finales de octubre, el Partido Comunista Reunion\u00e9s (PCR) convoc\u00f3 una conferencia internacional bajo el lema de la \u201cnecesaria ruptura con el sistema capitalista\u201d. Se invit\u00f3 a delegaciones extranjeras, de Cuba, la India, Madagascar, las Comoras, Sud\u00e1frica y las Seychelles.<\/p>\n<p>\u00bfDe qu\u00e9 ruptura se est\u00e1 hablando? Propone el PCR cambiar las asambleas territoriales por una asamblea \u00fanica. Le parece que existe una \u201cconvergencia\u201d en este punto con los pol\u00edticos de derechas de toda la vida, o incluso con los curas. A esa gentuza, el PCR atribuye un diploma de \u201cruptura con el sistema\u201d.<\/p>\n<p>Por lo tanto, no nos asombremos de ver que el PCR publica en su peri\u00f3dico T\u00e9moignages una reflexi\u00f3n del obispo de la Reuni\u00f3n, Gilbert Aubry, que propugna la creaci\u00f3n de una Conferencia territorial de actuaci\u00f3n p\u00fablica, formada con presidentes del parlamento regional y el parlamento provincial (ambas instituciones tiene la isla) juntos con los presidentes de las agrupaciones de municipios.<\/p>\n<p>En el pasado, los dirigentes y militantes del PCR se enfrentaron con la represi\u00f3n por par te del Estado franc\u00e9s, por lo que gozan de cierta buena fama entre las clases populares. Pero este capital fue malgastado hace tiempo, por las alianzas electorales que pactaron hasta con sus anteriores \u201cpeores enemigos\u201d.<\/p>\n<p>En cada elecci\u00f3n nueva, una combinaci\u00f3n electoral. Ahora se est\u00e1n preparando las elecciones municipales y regionales.<\/p>\n<p>Es dif\u00edcil resumir las contorsiones en unas pocas palabras. Digamos que al votante medio le dan dolores de cabeza las diversas y movedizas agrupaciones.<\/p>\n<p>Nosotros presentaremos una lista Lutte Ouvriere en el municipio de Saint-Beno\u00eet, donde la gran uni\u00f3n de la izquierda se presenta \u2013 sin nosotros-. Daremos a nuestro medio todas las razones pol\u00edticas para afirmar nuestra presencia, reivindicar el bando de los trabajadores, y no caer en la irrisoria uni\u00f3n anti Macron.<\/p>\n<p>&nbsp;<\/p>\n","protected":false},"excerpt":{"rendered":"<p>El movimiento de los chalecos amarillos ha marcado el final del a\u00f1o pasado (2018). Nosotros contamos aqu\u00ed hace un a\u00f1o su importancia y sus l\u00edmites. Este a\u00f1o, el aniversario del 17 de noviembre se celebr\u00f3 con dos concentraciones, una al norte y la otra al sur, con un centenar de manifestantes que quer\u00edan afirmar su&hellip;&nbsp;<a href=\"https:\/\/vozobrera.org\/periodico\/lutte-ouvriere-isla-de-reunion\/\" rel=\"bookmark\">Leer m\u00e1s &raquo;<span class=\"screen-reader-text\">LUTTE OUVRIERE (isla de Reuni\u00f3n)<\/span><\/a><\/p>\n","protected":false},"author":5,"featured_media":0,"comment_status":"closed","ping_status":"closed","sticky":false,"template":"","format":"standard","meta":{"neve_meta_sidebar":"","neve_meta_container":"","neve_meta_enable_content_width":"","neve_meta_content_width":70,"neve_meta_title_alignment":"","neve_meta_author_avatar":"","neve_post_elements_order":"","neve_meta_disable_header":"","neve_meta_disable_footer":"","neve_meta_disable_title":"","footnotes":""},"categories":[37],"tags":[588],"class_list":["post-10394","post","type-post","status-publish","format-standard","hentry","category-lucha-de-clase","tag-ldc49c"],"_links":{"self":[{"href":"https:\/\/vozobrera.org\/periodico\/wp-json\/wp\/v2\/posts\/10394","targetHints":{"allow":["GET"]}}],"collection":[{"href":"https:\/\/vozobrera.org\/periodico\/wp-json\/wp\/v2\/posts"}],"about":[{"href":"https:\/\/vozobrera.org\/periodico\/wp-json\/wp\/v2\/types\/post"}],"author":[{"embeddable":true,"href":"https:\/\/vozobrera.org\/periodico\/wp-json\/wp\/v2\/users\/5"}],"replies":[{"embeddable":true,"href":"https:\/\/vozobrera.org\/periodico\/wp-json\/wp\/v2\/comments?post=10394"}],"version-history":[{"count":1,"href":"https:\/\/vozobrera.org\/periodico\/wp-json\/wp\/v2\/posts\/10394\/revisions"}],"predecessor-version":[{"id":10395,"href":"https:\/\/vozobrera.org\/periodico\/wp-json\/wp\/v2\/posts\/10394\/revisions\/10395"}],"wp:attachment":[{"href":"https:\/\/vozobrera.org\/periodico\/wp-json\/wp\/v2\/media?parent=10394"}],"wp:term":[{"taxonomy":"category","embeddable":true,"href":"https:\/\/vozobrera.org\/periodico\/wp-json\/wp\/v2\/categories?post=10394"},{"taxonomy":"post_tag","embeddable":true,"href":"https:\/\/vozobrera.org\/periodico\/wp-json\/wp\/v2\/tags?post=10394"}],"curies":[{"name":"wp","href":"https:\/\/api.w.org\/{rel}","templated":true}]}}