{"id":10340,"date":"2020-03-25T12:21:34","date_gmt":"2020-03-25T10:21:34","guid":{"rendered":"http:\/\/vozobrera.org\/periodico\/?p=10340"},"modified":"2020-07-29T11:43:53","modified_gmt":"2020-07-29T09:43:53","slug":"el-gobierno-no-hace-nada-ante-la-evidencia","status":"publish","type":"post","link":"https:\/\/vozobrera.org\/periodico\/el-gobierno-no-hace-nada-ante-la-evidencia\/","title":{"rendered":"El Gobierno no hace nada ante la evidencia"},"content":{"rendered":"<p>Las medidas de confinamiento, de prevenci\u00f3n y sanitarias que el gobierno impone con celo a la poblaci\u00f3n est\u00e1 vedada en las empresas. En estos tiempos, a la frase \u201cla democracia termina en la puerta de la empresa\u201d hay que a\u00f1adir \u201cy la salud tambi\u00e9n\u201d.<\/p>\n<p>\u00bfLos empresarios est\u00e1n libres de la vigilancia que el gobierno ha desplegado? \u00bfCuantos m\u00e1s casos son necesario que salgan a la luz para que se haga algo?<\/p>\n<p>La exposici\u00f3n forzada de trabajadores al contagio \u00fanicamente por la avaricia de la patronal, ya la vemos; y esto s\u00f3lo podemos arreglarlo los trabajadores formando nosotros comit\u00e9s de salud y obligando a cumplirlo mediante la determinaci\u00f3n y la lucha.<\/p>\n<p>No a la exposici\u00f3n al contagio, no a los despidos, no a los ERTE. Si tenemos que parar el trabajo que sea con el 100% del salario durante todo el tiempo que dure la crisis sanitaria. \u00a1No podemos seguir aguantando la hipocres\u00eda e insolidaridad de estos explotadores!<\/p>\n","protected":false},"excerpt":{"rendered":"<p>Las medidas de confinamiento, de prevenci\u00f3n y sanitarias que el gobierno impone con celo a la poblaci\u00f3n est\u00e1 vedada en las empresas. En estos tiempos, a la frase \u201cla democracia termina en la puerta de la empresa\u201d hay que a\u00f1adir \u201cy la salud tambi\u00e9n\u201d. \u00bfLos empresarios est\u00e1n libres de la vigilancia que el gobierno ha&hellip;&nbsp;<a href=\"https:\/\/vozobrera.org\/periodico\/el-gobierno-no-hace-nada-ante-la-evidencia\/\" rel=\"bookmark\">Leer m\u00e1s &raquo;<span class=\"screen-reader-text\">El Gobierno no hace nada ante la evidencia<\/span><\/a><\/p>\n","protected":false},"author":5,"featured_media":0,"comment_status":"closed","ping_status":"closed","sticky":false,"template":"","format":"standard","meta":{"neve_meta_sidebar":"","neve_meta_container":"","neve_meta_enable_content_width":"","neve_meta_content_width":70,"neve_meta_title_alignment":"","neve_meta_author_avatar":"","neve_post_elements_order":"","neve_meta_disable_header":"","neve_meta_disable_footer":"","neve_meta_disable_title":"","footnotes":""},"categories":[586,37],"tags":[603],"class_list":["post-10340","post","type-post","status-publish","format-standard","hentry","category-enlazada","category-lucha-de-clase","tag-ldc4covid"],"_links":{"self":[{"href":"https:\/\/vozobrera.org\/periodico\/wp-json\/wp\/v2\/posts\/10340","targetHints":{"allow":["GET"]}}],"collection":[{"href":"https:\/\/vozobrera.org\/periodico\/wp-json\/wp\/v2\/posts"}],"about":[{"href":"https:\/\/vozobrera.org\/periodico\/wp-json\/wp\/v2\/types\/post"}],"author":[{"embeddable":true,"href":"https:\/\/vozobrera.org\/periodico\/wp-json\/wp\/v2\/users\/5"}],"replies":[{"embeddable":true,"href":"https:\/\/vozobrera.org\/periodico\/wp-json\/wp\/v2\/comments?post=10340"}],"version-history":[{"count":1,"href":"https:\/\/vozobrera.org\/periodico\/wp-json\/wp\/v2\/posts\/10340\/revisions"}],"predecessor-version":[{"id":10341,"href":"https:\/\/vozobrera.org\/periodico\/wp-json\/wp\/v2\/posts\/10340\/revisions\/10341"}],"wp:attachment":[{"href":"https:\/\/vozobrera.org\/periodico\/wp-json\/wp\/v2\/media?parent=10340"}],"wp:term":[{"taxonomy":"category","embeddable":true,"href":"https:\/\/vozobrera.org\/periodico\/wp-json\/wp\/v2\/categories?post=10340"},{"taxonomy":"post_tag","embeddable":true,"href":"https:\/\/vozobrera.org\/periodico\/wp-json\/wp\/v2\/tags?post=10340"}],"curies":[{"name":"wp","href":"https:\/\/api.w.org\/{rel}","templated":true}]}}