{"id":10318,"date":"2020-03-08T16:49:47","date_gmt":"2020-03-08T14:49:47","guid":{"rendered":"http:\/\/vozobrera.org\/periodico\/?p=10318"},"modified":"2020-07-29T11:56:45","modified_gmt":"2020-07-29T09:56:45","slug":"peor-que-el-coronavirus-el-capitalismo","status":"publish","type":"post","link":"https:\/\/vozobrera.org\/periodico\/peor-que-el-coronavirus-el-capitalismo\/","title":{"rendered":"\u00a1Peor que el coronavirus, el capitalismo!"},"content":{"rendered":"<p align=\"justify\">Cinco muertos y m\u00e1s de 300 contagiados por coronavirus en Espa\u00f1a a la hora en que esto escribimos; las \u00faltimas v\u00edctimas mortales han sido en Zaragoza y Madrid, ambas personas mayores. De momento, Sanidad se mantiene cauta y no recomienda medidas como el cierre de colegios o empresas, cosas que otros pa\u00edses s\u00ed est\u00e1n recomendando.<\/p>\n<p align=\"justify\">La poblaci\u00f3n en general ya no sabe a qu\u00e9 atenerse; muchos llamamientos a la calma pero hay un virus que, por lo visto, recorre medio mundo y del que a\u00fan no sabemos gran cosa; solo nos recomiendan lavarnos con frecuencia las manos y si te encuentras mal llamar por tel\u00e9fono al servicio m\u00e9dico. Y con toda certeza esto de lavarse las manos es lo que, en efecto, han hecho los gobernantes y pol\u00edticos que han tenido en sus manos \u201climpias\u201d la posibilidad de revertir recortes en sanidad, en investigaci\u00f3n, en recursos hospitalarios, en personal\u2026 \u00a1y no lo han hecho!<\/p>\n<p align=\"justify\">Porque, s\u00ed, hay motivos para la preocupaci\u00f3n y la ira. No por la gravedad de este virus -menor de lo que se teme- sino porque, si hubiera un contagio m\u00e1s masivo y fuera necesario hospitalizar a miles de personas, el hospital p\u00fablico no podr\u00eda controlar la situaci\u00f3n. Y esa es la responsabilidad del gobierno, de este gobierno y de los que lo precedieron.<\/p>\n<p align=\"justify\">Desde hace un a\u00f1o, todo el personal sanitario viene alertando de que los recortes est\u00e1n matando y ahora tenemos la prueba palpable de que esto es una realidad, realidad que adem\u00e1s le puede tocar a cualquiera, aqu\u00ed o en Pek\u00edn.<\/p>\n<p align=\"justify\">Por otra parte, las medidas de contenci\u00f3n y la ralentizaci\u00f3n o incluso el cierre de muchas f\u00e1bricas en China est\u00e1n pesando sobre toda la econom\u00eda mundial, en particular sobre el turismo, los textiles, los autom\u00f3viles, el transporte. Junto con esta desaceleraci\u00f3n de la producci\u00f3n, est\u00e1n las previsiones de los especuladores que est\u00e1n amplificando el fen\u00f3meno y han provocado la devaluaci\u00f3n de todas las bolsas de valores del mundo, amenazando con un nuevo colapso financiero.<\/p>\n<p align=\"justify\">Si uno de los organismos m\u00e1s peque\u00f1os que viven en esta tierra, el coronavirus, podr\u00eda desencadenar el caos global, esto s\u00f3lo demuestra que la econom\u00eda es un manicomio. Aunque la humanidad tiene los medios para hacer frente a la pandemia del coronavirus, toda la econom\u00eda est\u00e1 en peligro de caer en otra recesi\u00f3n porque el sistema capitalista es como un castillo de naipes. \u00a1Y todo esto ocurre porque el capitalismo pone todos sus medios, -que son inmensos a nivel tecnol\u00f3gico, cient\u00edfico, y con avances de todo tipo- subordinados a los beneficios y los dividendos y acciones est\u00e1n por encima de la salud p\u00fablica!<\/p>\n<p align=\"justify\">La burgues\u00eda y las grandes empresas har\u00e1n todo lo posible para que la poblaci\u00f3n pague por esta nueva crisis. Ya en otros pa\u00edses se est\u00e1n dando llamamientos a la \u201csolidaridad\u201d de los trabajadores. Pero ma\u00f1ana, si la crisis se agrava brutalmente, el gobierno tomar\u00e1 miles de millones m\u00e1s de los presupuestos y recortar\u00e1 lo que estime oportuno para que las clases trabajadoras paguen con sus bolsillos los platos rotos.<\/p>\n<p align=\"justify\">La econom\u00eda y toda la sociedad est\u00e1n afligidas por una grave enfermedad, la del parasitismo y la irresponsabilidad de una burgues\u00eda cegada por sus beneficios. \u00a1La vacuna es que los trabajadores se planten! La clase obrera debe recuperar la conciencia de las luchas que tiene que librar y debe reunirse y organizarse para defender sus intereses contra la burgues\u00eda, contra su gobierno y contra su Estado.<\/p>\n<p align=\"justify\">\u00a1No queda otra, si queremos extirpar el mal de ra\u00edz!<\/p>\n","protected":false},"excerpt":{"rendered":"<p>Cinco muertos y m\u00e1s de 300 contagiados por coronavirus en Espa\u00f1a a la hora en que esto escribimos; las \u00faltimas v\u00edctimas mortales han sido en Zaragoza y Madrid, ambas personas mayores. De momento, Sanidad se mantiene cauta y no recomienda medidas como el cierre de colegios o empresas, cosas que otros pa\u00edses s\u00ed est\u00e1n recomendando.&hellip;&nbsp;<a href=\"https:\/\/vozobrera.org\/periodico\/peor-que-el-coronavirus-el-capitalismo\/\" rel=\"bookmark\">Leer m\u00e1s &raquo;<span class=\"screen-reader-text\">\u00a1Peor que el coronavirus, el capitalismo!<\/span><\/a><\/p>\n","protected":false},"author":5,"featured_media":0,"comment_status":"closed","ping_status":"closed","sticky":false,"template":"","format":"standard","meta":{"neve_meta_sidebar":"","neve_meta_container":"","neve_meta_enable_content_width":"","neve_meta_content_width":70,"neve_meta_title_alignment":"","neve_meta_author_avatar":"","neve_post_elements_order":"","neve_meta_disable_header":"","neve_meta_disable_footer":"","neve_meta_disable_title":"","footnotes":""},"categories":[90,37,63],"tags":[603],"class_list":["post-10318","post","type-post","status-publish","format-standard","hentry","category-editoriales","category-lucha-de-clase","category-quincenal","tag-ldc4covid"],"_links":{"self":[{"href":"https:\/\/vozobrera.org\/periodico\/wp-json\/wp\/v2\/posts\/10318","targetHints":{"allow":["GET"]}}],"collection":[{"href":"https:\/\/vozobrera.org\/periodico\/wp-json\/wp\/v2\/posts"}],"about":[{"href":"https:\/\/vozobrera.org\/periodico\/wp-json\/wp\/v2\/types\/post"}],"author":[{"embeddable":true,"href":"https:\/\/vozobrera.org\/periodico\/wp-json\/wp\/v2\/users\/5"}],"replies":[{"embeddable":true,"href":"https:\/\/vozobrera.org\/periodico\/wp-json\/wp\/v2\/comments?post=10318"}],"version-history":[{"count":1,"href":"https:\/\/vozobrera.org\/periodico\/wp-json\/wp\/v2\/posts\/10318\/revisions"}],"predecessor-version":[{"id":10319,"href":"https:\/\/vozobrera.org\/periodico\/wp-json\/wp\/v2\/posts\/10318\/revisions\/10319"}],"wp:attachment":[{"href":"https:\/\/vozobrera.org\/periodico\/wp-json\/wp\/v2\/media?parent=10318"}],"wp:term":[{"taxonomy":"category","embeddable":true,"href":"https:\/\/vozobrera.org\/periodico\/wp-json\/wp\/v2\/categories?post=10318"},{"taxonomy":"post_tag","embeddable":true,"href":"https:\/\/vozobrera.org\/periodico\/wp-json\/wp\/v2\/tags?post=10318"}],"curies":[{"name":"wp","href":"https:\/\/api.w.org\/{rel}","templated":true}]}}