{"id":10304,"date":"2020-03-06T13:06:02","date_gmt":"2020-03-06T11:06:02","guid":{"rendered":"http:\/\/vozobrera.org\/periodico\/?p=10304"},"modified":"2020-03-06T13:06:16","modified_gmt":"2020-03-06T11:06:16","slug":"agricultores-en-pie-de-guerra","status":"publish","type":"post","link":"https:\/\/vozobrera.org\/periodico\/agricultores-en-pie-de-guerra\/","title":{"rendered":"Agricultores en pie de guerra"},"content":{"rendered":"<p>Desde hace semanas se han desarrollado manifestaciones de agricultores por todo el pa\u00eds. Las tractoradas y la destrucci\u00f3n p\u00fablica de frutas y hortalizas han puesto de relieve el malestar del medio y peque\u00f1o agricultor por los precios que les imponen las multinacionales de las grandes superficies y los intermediarios. Los \u201cprecios de ruina\u201d a los que son sometidos los productos agroalimentarios en origen, provoca que los agricultores y ganaderos salgan a protestar a la calle por la mala situaci\u00f3n del campo en Espa\u00f1a.<br \/>\nProductos como la cebolla que en origen son pagados al agricultor a 0,20 c\u00e9ntimos por kilo, tienen un precio final de 1,44 euros, ocurre lo mismo con el kilo de mandarinas donde el agricultor cobra 0,32 c\u00e9ntimos y se vende en el supermercado a 1,44 euros. Precios que muchas veces son marcados de antemano y que no llegan a cubrir siquiera los gastos de producci\u00f3n.<br \/>\nAnte las movilizaciones el ministro de agricultura Luis Planas (PSOE) ha reconocido que el problema est\u00e1 en la cadena agroalimentaria y ha anunciado que se reunir\u00e1 pr\u00f3ximamente con responsable de firmas como Mercadona, Carrefour, DIA y Alcampo para hablar. Adem\u00e1s, ha recalcado que les pedir\u00e1 que pongan fin a la venta a p\u00e9rdidas, bajadas de precio que sirven de reclamo a los compradores.<br \/>\nEstas protestas coinciden con el 35 aniversario de la ley de Reforma Agraria en Andaluc\u00eda. Como todos sabemos la lucha por la tierra, \u201cla tierra pa\u2019l que la trabaja\u201d ha sido reivindicaci\u00f3n centenaria del campo andaluz y de todo el pa\u00eds dada la estructura agraria de la propiedad de la tierra en manos, en su mayor\u00eda, de los grandes terratenientes. Esa estructura no ha cambiado, se ha transformado en un mercado empresarial capitalista con los mismos o similares due\u00f1os.<br \/>\nEn Espa\u00f1a de las tierras agr\u00edcolas, el 21,3% de la superficie terrestre, casi el 70% pertenece a personas f\u00edsicas; el 7,43%, a entidades p\u00fablicas; el 11,14%, a sociedades mercantiles; el 2,61% a sociedades cooperativas; y el resto est\u00e1 registrada con otras condiciones jur\u00eddicas. Y la propiedad latifundista (m\u00e1s de 500 hect\u00e1reas) acapara el 17,62% de la superficie pero tan solo supone el 0,44% de las explotaciones.<br \/>\nEn total, 1.162 personas tienen explotaciones de m\u00e1s de 500 hect\u00e1reas y 181 personas f\u00edsicas son las representantes del latifundismo cl\u00e1sico espa\u00f1ol con explotaciones de m\u00e1s de 1.000 hect\u00e1reas.<br \/>\nLa titularidad de gran parte de latifundios figura a nombre de sociedades mercantiles, que es la \u00fanica titularidad que aumenta \u2013la disminuci\u00f3n de titulares m\u00e1s significativa se produjo entre las personas f\u00edsicas, con 693.974 explotaciones menos (-43,22%). Empresarios y banqueros que han visto la tierra como un activo de especulaci\u00f3n para sus negocios. Un ejemplo: Juan Abell\u00f3, que concentra 40.000 hect\u00e1reas de tierra; la Casa de Alba, que dispone de 34.000 y obtiene 2,9 millones de euros en subvenciones de la PAC; y Samuel Flores y familia, que en los \u00faltimos a\u00f1os han acumulado 23.000 hect\u00e1reas y reciben 1,25 millones de euros de la PAC. La familia Bot\u00edn, Osuna , Domeq etc., tampoco faltan.<br \/>\nEn estas movilizaciones no se habla de la mano de obra, las jornaleras y jornaleros, mano de obra sobre explotada con salarios de miseria y con una proporci\u00f3n de emigrantes que ha permitido ganar dinero a los grandes y medianos empresarios, cadenas de distribuci\u00f3n y grandes superficies.<br \/>\nLa cadena agroalimentaria est\u00e1 controlada por los grandes capitalistas que mantienen y aumentan sus beneficios a costa de la plusval\u00eda generada por el trabajo a pie de tierra, es decir, el jornalero y el peque\u00f1o agricultor. Y como constatamos la Reforma agraria en Andaluc\u00eda no ha sido m\u00e1s que la herramienta para convertir al antiguo terrateniente latifundista en empresario capitalista.<br \/>\nSe podr\u00e1n arbitrar medidas de control de precios en origen o equilibrar los beneficios en la cadena alimentaria, pero solo habr\u00e1 una soluci\u00f3n definitiva cuando la tierra pase a ser propiedad de la sociedad, se planifique racionalmente la producci\u00f3n y el Estado asuma la distribuci\u00f3n y el control de las empresas agr\u00edcolas, distribuidoras y grandes superficies.<br \/>\n<span style=\"font-size: 8pt;\"><em>1. Informe Anual de Indicadores: Agricultura, Pesca, Alimentaci\u00f3n y Medio Ambiente<\/em><\/span><\/p>\n","protected":false},"excerpt":{"rendered":"<p>Desde hace semanas se han desarrollado manifestaciones de agricultores por todo el pa\u00eds. Las tractoradas y la destrucci\u00f3n p\u00fablica de frutas y hortalizas han puesto de relieve el malestar del medio y peque\u00f1o agricultor por los precios que les imponen las multinacionales de las grandes superficies y los intermediarios. Los \u201cprecios de ruina\u201d a los&hellip;&nbsp;<a href=\"https:\/\/vozobrera.org\/periodico\/agricultores-en-pie-de-guerra\/\" rel=\"bookmark\">Leer m\u00e1s &raquo;<span class=\"screen-reader-text\">Agricultores en pie de guerra<\/span><\/a><\/p>\n","protected":false},"author":5,"featured_media":0,"comment_status":"closed","ping_status":"closed","sticky":false,"template":"","format":"standard","meta":{"neve_meta_sidebar":"","neve_meta_container":"","neve_meta_enable_content_width":"","neve_meta_content_width":70,"neve_meta_title_alignment":"","neve_meta_author_avatar":"","neve_post_elements_order":"","neve_meta_disable_header":"","neve_meta_disable_footer":"","neve_meta_disable_title":"","footnotes":""},"categories":[1],"tags":[585],"class_list":["post-10304","post","type-post","status-publish","format-standard","hentry","category-sin-categoria","tag-mz20"],"_links":{"self":[{"href":"https:\/\/vozobrera.org\/periodico\/wp-json\/wp\/v2\/posts\/10304","targetHints":{"allow":["GET"]}}],"collection":[{"href":"https:\/\/vozobrera.org\/periodico\/wp-json\/wp\/v2\/posts"}],"about":[{"href":"https:\/\/vozobrera.org\/periodico\/wp-json\/wp\/v2\/types\/post"}],"author":[{"embeddable":true,"href":"https:\/\/vozobrera.org\/periodico\/wp-json\/wp\/v2\/users\/5"}],"replies":[{"embeddable":true,"href":"https:\/\/vozobrera.org\/periodico\/wp-json\/wp\/v2\/comments?post=10304"}],"version-history":[{"count":1,"href":"https:\/\/vozobrera.org\/periodico\/wp-json\/wp\/v2\/posts\/10304\/revisions"}],"predecessor-version":[{"id":10305,"href":"https:\/\/vozobrera.org\/periodico\/wp-json\/wp\/v2\/posts\/10304\/revisions\/10305"}],"wp:attachment":[{"href":"https:\/\/vozobrera.org\/periodico\/wp-json\/wp\/v2\/media?parent=10304"}],"wp:term":[{"taxonomy":"category","embeddable":true,"href":"https:\/\/vozobrera.org\/periodico\/wp-json\/wp\/v2\/categories?post=10304"},{"taxonomy":"post_tag","embeddable":true,"href":"https:\/\/vozobrera.org\/periodico\/wp-json\/wp\/v2\/tags?post=10304"}],"curies":[{"name":"wp","href":"https:\/\/api.w.org\/{rel}","templated":true}]}}