{"id":10275,"date":"2020-02-08T19:47:49","date_gmt":"2020-02-08T17:47:49","guid":{"rendered":"http:\/\/vozobrera.org\/periodico\/?p=10275"},"modified":"2020-02-08T19:47:49","modified_gmt":"2020-02-08T17:47:49","slug":"el-nuevo-gobierno-de-la-izquierda-comienza-aplaudiendo-a-la-monarquia","status":"publish","type":"post","link":"https:\/\/vozobrera.org\/periodico\/el-nuevo-gobierno-de-la-izquierda-comienza-aplaudiendo-a-la-monarquia\/","title":{"rendered":"El nuevo gobierno de la izquierda comienza\u2026  \u00a1\u00a1\u00a1aplaudiendo a la monarqu\u00eda!!!"},"content":{"rendered":"<p align=\"justify\">La nueva legislatura ha comenzado. Por vez primera desde la muerte del dictador y de la monarqu\u00eda parlamentaria, hay un gobierno de coalici\u00f3n entre la izquierda. Miembros de IU y de Podemos, (coaligaos en Unidas Podemos) han pactado ministerios con el PSOE.<\/p>\n<p align=\"justify\">Entre sectores progresistas de la poblaci\u00f3n y de la clase obrera se han abierto esperanzas de que este gobierno va a ir cambiando las cosas. El pacto lleg\u00f3 en 24 despu\u00e9s de unas elecciones en las que el PSOE y Unidas Podemos hab\u00edan perdido votos y esca\u00f1os porque no hab\u00edan pactado el gobierno.<\/p>\n<p align=\"justify\">Sin tener la mayor\u00eda absoluta, con el apoyo de ERC y otros nacionalistas podr\u00e1n sacar adelante la legislatura. Han subido el SMI a 950 \u20ac, con rebajas, y subido el IPC a los pensionistas. Se han encontrado con una huelga general en el Pa\u00eds Vasco exigiendo trabajo y pensiones dignas y los agricultores empobrecidos por los precios que imponen las grandes superficies e intermediarios, se han manifestado con la compresi\u00f3n del ministro.<\/p>\n<p align=\"justify\">La izquierda gubernamental despierta ilusiones\u2026 Sin embargo, unos aplausos y Billy el Ni\u00f1o, han avergonzado e indignado a muchos en la izquierda. La actuaci\u00f3n de los ministros de Unidas Podemos en el acto \u201csolemne\u201d con los reyes presentes, con un aplauso de 4 minutos a los monarcas, ha desatado la rabia.<\/p>\n<p align=\"justify\">\u00bfC\u00f3mo es posible que 4 a\u00f1os despu\u00e9s, Iglesias y Garz\u00f3n hayan cambiado tanto? \u00bfTanto hace cambiar un ministerio? Si quieres saber como es fulanito\u2026<\/p>\n<p align=\"justify\">El caso del torturador Billy el Ni\u00f1o ha sido ahondar m\u00e1s en la herida. Aun rectificando a posteriori, votar con la derecha para que no se publique la hoja de servicios de un polic\u00eda torturador franquista, irrita el sentido com\u00fan de cualquiera. Ya se ha empezado a escuchar \u201cson todos iguales\u201d.<\/p>\n<p align=\"justify\">No sabemos que dar\u00e1 de s\u00ed la legislatura y si se atrever\u00e1n a hacer algo m\u00e1s que un cambio cosm\u00e9tico. Pero lo que si sabemos es que la desilusi\u00f3n entre los trabajadores dar\u00e1 alas a la extrema derecha, que son los directos representantes de la burgues\u00eda.<\/p>\n<p align=\"justify\">Paul Lafargue, el introductor del socialismo en Espa\u00f1a, escribi\u00f3 en 1899: <i>\u201c<\/i><span lang=\"it-IT\"><i>Un ministerio <\/i><\/span><span lang=\"es-ES-u-co-trad\"><i>(de un gobierno)<\/i><\/span><span lang=\"es-ES-u-co-trad\"><i> se forma por acuerdo entre sus miembros, se hacen concesiones mutuas entre s\u00ed y se comprometen a apoyarse mutuamente dentro de los l\u00edmites de un plan acordado. Un<\/i><\/span><i> socialista<\/i><span lang=\"es-ES-u-co-trad\"><i>, sin embargo, solo puede entrar en un ministerio dejando su socialismo en la puerta, introduciendo<\/i><\/span><span lang=\"pt-PT\"><i> de contrabando<\/i><\/span><span lang=\"es-ES-u-co-trad\"><i>, s\u00f3lo las reformas m\u00e1s inofensivas para el orden capitalista; y por otro lado, se compromete moralmente, en la realidad pr\u00e1ctica, a defender las medidas m\u00e1s necesarias para mantener la explotaci\u00f3<\/i><\/span><span lang=\"it-IT\"><i>n capitalista.\u201d<\/i><\/span><i> (&#8230;)<\/i><\/p>\n<p align=\"justify\">\u201c<span lang=\"it-IT\"><i>Tan pronto como el Partido Socialista deja de ser un partido de oposici\u00f3n irreductible, deja el campo de la lucha de clases para convertirse en un partido parlamentario: su papel revolucionario ha terminado.\u201d<\/i><\/span><\/p>\n<p class=\"western\" align=\"justify\"><span lang=\"it-IT\">La clase trabajadora solo puede confiar en sus propias fuerzas y en su lucha. Quien tiene el gobierno no tiene el poder, pues en el capitalismo son los grandes banqueros y capitalistas \u2013 el Ibex 35-, quienes realmente lo tienen. <\/span><\/p>\n<p class=\"western\" align=\"justify\"><span lang=\"it-IT\">Y sabemos desde la Primera Internacional <\/span><span lang=\"it-IT\"><i>\u201cque l<\/i><\/span><span style=\"color: #000000;\"><i>a emancipaci\u00f3n de la clase obrera debe ser obra de los obreros mismos; que la lucha por la emancipaci\u00f3n de la clase obrera no es una lucha por privilegios y monopolios de clase, sino por el establecimiento\u00a0 de derechos y deberes iguales y por la abolici\u00f3n de todo privilegio de clase.\u201d<\/i><\/span><\/p>\n","protected":false},"excerpt":{"rendered":"<p>La nueva legislatura ha comenzado. Por vez primera desde la muerte del dictador y de la monarqu\u00eda parlamentaria, hay un gobierno de coalici\u00f3n entre la izquierda. Miembros de IU y de Podemos, (coaligaos en Unidas Podemos) han pactado ministerios con el PSOE. Entre sectores progresistas de la poblaci\u00f3n y de la clase obrera se han&hellip;&nbsp;<a href=\"https:\/\/vozobrera.org\/periodico\/el-nuevo-gobierno-de-la-izquierda-comienza-aplaudiendo-a-la-monarquia\/\" rel=\"bookmark\">Leer m\u00e1s &raquo;<span class=\"screen-reader-text\">El nuevo gobierno de la izquierda comienza\u2026  \u00a1\u00a1\u00a1aplaudiendo a la monarqu\u00eda!!!<\/span><\/a><\/p>\n","protected":false},"author":5,"featured_media":0,"comment_status":"closed","ping_status":"closed","sticky":false,"template":"","format":"standard","meta":{"neve_meta_sidebar":"","neve_meta_container":"","neve_meta_enable_content_width":"","neve_meta_content_width":70,"neve_meta_title_alignment":"","neve_meta_author_avatar":"","neve_post_elements_order":"","neve_meta_disable_header":"","neve_meta_disable_footer":"","neve_meta_disable_title":"","footnotes":""},"categories":[90,63],"tags":[],"class_list":["post-10275","post","type-post","status-publish","format-standard","hentry","category-editoriales","category-quincenal"],"_links":{"self":[{"href":"https:\/\/vozobrera.org\/periodico\/wp-json\/wp\/v2\/posts\/10275","targetHints":{"allow":["GET"]}}],"collection":[{"href":"https:\/\/vozobrera.org\/periodico\/wp-json\/wp\/v2\/posts"}],"about":[{"href":"https:\/\/vozobrera.org\/periodico\/wp-json\/wp\/v2\/types\/post"}],"author":[{"embeddable":true,"href":"https:\/\/vozobrera.org\/periodico\/wp-json\/wp\/v2\/users\/5"}],"replies":[{"embeddable":true,"href":"https:\/\/vozobrera.org\/periodico\/wp-json\/wp\/v2\/comments?post=10275"}],"version-history":[{"count":1,"href":"https:\/\/vozobrera.org\/periodico\/wp-json\/wp\/v2\/posts\/10275\/revisions"}],"predecessor-version":[{"id":10276,"href":"https:\/\/vozobrera.org\/periodico\/wp-json\/wp\/v2\/posts\/10275\/revisions\/10276"}],"wp:attachment":[{"href":"https:\/\/vozobrera.org\/periodico\/wp-json\/wp\/v2\/media?parent=10275"}],"wp:term":[{"taxonomy":"category","embeddable":true,"href":"https:\/\/vozobrera.org\/periodico\/wp-json\/wp\/v2\/categories?post=10275"},{"taxonomy":"post_tag","embeddable":true,"href":"https:\/\/vozobrera.org\/periodico\/wp-json\/wp\/v2\/tags?post=10275"}],"curies":[{"name":"wp","href":"https:\/\/api.w.org\/{rel}","templated":true}]}}