{"id":10207,"date":"2020-01-16T12:41:27","date_gmt":"2020-01-16T10:41:27","guid":{"rendered":"http:\/\/vozobrera.org\/periodico\/?p=10207"},"modified":"2020-02-25T13:36:35","modified_gmt":"2020-02-25T11:36:35","slug":"iran-eeuu-del-terrorismo-de-estado-en-irak-a-la-guerra-pura-y-dura","status":"publish","type":"post","link":"https:\/\/vozobrera.org\/periodico\/iran-eeuu-del-terrorismo-de-estado-en-irak-a-la-guerra-pura-y-dura\/","title":{"rendered":"Ir\u00e1n \u2013 EEUU: \u00bfDel terrorismo de estado en Irak a la guerra pura y dura?"},"content":{"rendered":"<p>En la noche del 3 de enero, un ataque con drones de los Estados Unidos mat\u00f3 a nueve personas en Bagdad, incluido el General Soleimani de la Rep\u00fablica Isl\u00e1mica del Ir\u00e1n. Como comandante en jefe de las tropas iran\u00edes que act\u00faan en el extranjero, Trump y sus ministros presentan su asesinato como \u00abcastigo\u00bb tras las manifestaciones contra la Embajada estadounidense en Bagdad.<br \/>\nDesde que Trump cuestion\u00f3 el acuerdo nuclear con Ir\u00e1n en 2018, Teher\u00e1n ha vuelto a ser el objetivo designado por los Estados Unidos. Con esta ejecuci\u00f3n, Trump quiso afirmar que los Estados Unidos golpean cuando quieran y donde quieren, mostrando as\u00ed, una vez m\u00e1s, que se consideran guardianes del orden imperialista. De este modo, asume deliberadamente el riesgo de desencadenar una verdadera escalada b\u00e9lica en una regi\u00f3n ya devastada por la pol\u00edtica de las grandes Potencias.<br \/>\n\u00a1Una escalada sangrienta que no sabemos ad\u00f3nde puede llevar al planeta!<\/p>\n","protected":false},"excerpt":{"rendered":"<p>En la noche del 3 de enero, un ataque con drones de los Estados Unidos mat\u00f3 a nueve personas en Bagdad, incluido el General Soleimani de la Rep\u00fablica Isl\u00e1mica del Ir\u00e1n. Como comandante en jefe de las tropas iran\u00edes que act\u00faan en el extranjero, Trump y sus ministros presentan su asesinato como \u00abcastigo\u00bb tras las&hellip;&nbsp;<a href=\"https:\/\/vozobrera.org\/periodico\/iran-eeuu-del-terrorismo-de-estado-en-irak-a-la-guerra-pura-y-dura\/\" rel=\"bookmark\">Leer m\u00e1s &raquo;<span class=\"screen-reader-text\">Ir\u00e1n \u2013 EEUU: \u00bfDel terrorismo de estado en Irak a la guerra pura y dura?<\/span><\/a><\/p>\n","protected":false},"author":5,"featured_media":0,"comment_status":"closed","ping_status":"closed","sticky":false,"template":"","format":"standard","meta":{"neve_meta_sidebar":"","neve_meta_container":"","neve_meta_enable_content_width":"","neve_meta_content_width":70,"neve_meta_title_alignment":"","neve_meta_author_avatar":"","neve_post_elements_order":"","neve_meta_disable_header":"","neve_meta_disable_footer":"","neve_meta_disable_title":"","footnotes":""},"categories":[10],"tags":[583],"class_list":["post-10207","post","type-post","status-publish","format-standard","hentry","category-mensual","tag-en20"],"_links":{"self":[{"href":"https:\/\/vozobrera.org\/periodico\/wp-json\/wp\/v2\/posts\/10207","targetHints":{"allow":["GET"]}}],"collection":[{"href":"https:\/\/vozobrera.org\/periodico\/wp-json\/wp\/v2\/posts"}],"about":[{"href":"https:\/\/vozobrera.org\/periodico\/wp-json\/wp\/v2\/types\/post"}],"author":[{"embeddable":true,"href":"https:\/\/vozobrera.org\/periodico\/wp-json\/wp\/v2\/users\/5"}],"replies":[{"embeddable":true,"href":"https:\/\/vozobrera.org\/periodico\/wp-json\/wp\/v2\/comments?post=10207"}],"version-history":[{"count":1,"href":"https:\/\/vozobrera.org\/periodico\/wp-json\/wp\/v2\/posts\/10207\/revisions"}],"predecessor-version":[{"id":10208,"href":"https:\/\/vozobrera.org\/periodico\/wp-json\/wp\/v2\/posts\/10207\/revisions\/10208"}],"wp:attachment":[{"href":"https:\/\/vozobrera.org\/periodico\/wp-json\/wp\/v2\/media?parent=10207"}],"wp:term":[{"taxonomy":"category","embeddable":true,"href":"https:\/\/vozobrera.org\/periodico\/wp-json\/wp\/v2\/categories?post=10207"},{"taxonomy":"post_tag","embeddable":true,"href":"https:\/\/vozobrera.org\/periodico\/wp-json\/wp\/v2\/tags?post=10207"}],"curies":[{"name":"wp","href":"https:\/\/api.w.org\/{rel}","templated":true}]}}