{"id":10079,"date":"2019-11-19T03:05:54","date_gmt":"2019-11-19T01:05:54","guid":{"rendered":"http:\/\/vozobrera.org\/periodico\/?p=10079"},"modified":"2019-11-19T03:05:54","modified_gmt":"2019-11-19T01:05:54","slug":"los-recortes-ahogan-la-ayuda-a-la-dependencia","status":"publish","type":"post","link":"https:\/\/vozobrera.org\/periodico\/los-recortes-ahogan-la-ayuda-a-la-dependencia\/","title":{"rendered":"Los recortes ahogan la ayuda a la dependencia"},"content":{"rendered":"<p>Cada d\u00eda unas 80 personas mueren en Espa\u00f1a sin recibir su prestaci\u00f3n por dependencia.<br \/>\nMientras el n\u00famero de personas en situaci\u00f3n de recibir la ayuda va en aumento, el dinero que pone la administraci\u00f3n central no ha hecho m\u00e1s que reducirse a\u00f1o tras a\u00f1o desde 2012, debido a los recortes. En 2012 aportaba el 53,2% de los fondos y ha ido reduciendo hasta que, en 2018 era tan s\u00f3lo el 16,7%<br \/>\nY aunque hasta ahora, las diferentes comunidades aut\u00f3nomas han venido aportando la diferencia, el actual sistema de recortes p\u00fablicos pone l\u00edmite a la atenci\u00f3n que debe prestarse impidiendo la contrataci\u00f3n de m\u00e1s trabajadores p\u00fablicos que asistan a nuestros mayores y a las personas dependientes.<br \/>\nLo peor es que hay una lista de espera de 258.000 personas: casi 130.000 de ellas pendientes de ser valoradas y otras tantas en espera de recibir las prestaciones o los servicios que les corresponden.<br \/>\nSon estas pol\u00edticas que favorecen los negocios privados y a la banca las que impiden llevar una vida digna a muchas personas. Este desvar\u00edo solo se detendr\u00e1 llevando a cabo protestas masivas exigiendo que se deroguen esas leyes.<\/p>\n","protected":false},"excerpt":{"rendered":"<p>Cada d\u00eda unas 80 personas mueren en Espa\u00f1a sin recibir su prestaci\u00f3n por dependencia. Mientras el n\u00famero de personas en situaci\u00f3n de recibir la ayuda va en aumento, el dinero que pone la administraci\u00f3n central no ha hecho m\u00e1s que reducirse a\u00f1o tras a\u00f1o desde 2012, debido a los recortes. En 2012 aportaba el 53,2%&hellip;&nbsp;<a href=\"https:\/\/vozobrera.org\/periodico\/los-recortes-ahogan-la-ayuda-a-la-dependencia\/\" rel=\"bookmark\">Leer m\u00e1s &raquo;<span class=\"screen-reader-text\">Los recortes ahogan la ayuda a la dependencia<\/span><\/a><\/p>\n","protected":false},"author":5,"featured_media":0,"comment_status":"closed","ping_status":"closed","sticky":false,"template":"","format":"standard","meta":{"neve_meta_sidebar":"","neve_meta_container":"","neve_meta_enable_content_width":"","neve_meta_content_width":70,"neve_meta_title_alignment":"","neve_meta_author_avatar":"","neve_post_elements_order":"","neve_meta_disable_header":"","neve_meta_disable_footer":"","neve_meta_disable_title":"","footnotes":""},"categories":[10],"tags":[581],"class_list":["post-10079","post","type-post","status-publish","format-standard","hentry","category-mensual","tag-no19"],"_links":{"self":[{"href":"https:\/\/vozobrera.org\/periodico\/wp-json\/wp\/v2\/posts\/10079","targetHints":{"allow":["GET"]}}],"collection":[{"href":"https:\/\/vozobrera.org\/periodico\/wp-json\/wp\/v2\/posts"}],"about":[{"href":"https:\/\/vozobrera.org\/periodico\/wp-json\/wp\/v2\/types\/post"}],"author":[{"embeddable":true,"href":"https:\/\/vozobrera.org\/periodico\/wp-json\/wp\/v2\/users\/5"}],"replies":[{"embeddable":true,"href":"https:\/\/vozobrera.org\/periodico\/wp-json\/wp\/v2\/comments?post=10079"}],"version-history":[{"count":1,"href":"https:\/\/vozobrera.org\/periodico\/wp-json\/wp\/v2\/posts\/10079\/revisions"}],"predecessor-version":[{"id":10080,"href":"https:\/\/vozobrera.org\/periodico\/wp-json\/wp\/v2\/posts\/10079\/revisions\/10080"}],"wp:attachment":[{"href":"https:\/\/vozobrera.org\/periodico\/wp-json\/wp\/v2\/media?parent=10079"}],"wp:term":[{"taxonomy":"category","embeddable":true,"href":"https:\/\/vozobrera.org\/periodico\/wp-json\/wp\/v2\/categories?post=10079"},{"taxonomy":"post_tag","embeddable":true,"href":"https:\/\/vozobrera.org\/periodico\/wp-json\/wp\/v2\/tags?post=10079"}],"curies":[{"name":"wp","href":"https:\/\/api.w.org\/{rel}","templated":true}]}}