{"id":10065,"date":"2019-11-19T02:47:23","date_gmt":"2019-11-19T00:47:23","guid":{"rendered":"http:\/\/vozobrera.org\/periodico\/?p=10065"},"modified":"2019-11-19T02:47:23","modified_gmt":"2019-11-19T00:47:23","slug":"la-lucha-en-ecuador-tiene-su-recompensa","status":"publish","type":"post","link":"https:\/\/vozobrera.org\/periodico\/la-lucha-en-ecuador-tiene-su-recompensa\/","title":{"rendered":"La lucha en Ecuador tiene su recompensa"},"content":{"rendered":"<p>Las \u00faltimas medidas de ajuste financiero \u201cpaquetazo\u201d impuestas a la poblaci\u00f3n por el gobierno de Ecuador, liderado por Lenin Moreno, han provocado una oleada de protestas en el pa\u00eds que ha obligado a dar marcha atr\u00e1s al gobierno y por consiguiente a la derogaci\u00f3n del decreto ley.<br \/>\nEsta medida gubernamental buscaba la quita de subsidios a todos los combustibles, lo que pesa fuertemente en los precios del transporte de productos y pasajeros ,o medidas como la disminuci\u00f3n del salario en un 20% para los trabajadores con contratos temporales con el Estado y la reducci\u00f3n de 30 a 15 d\u00edas en las vacaciones de los trabajadores p\u00fablicos, qui\u00e9nes adem\u00e1s deber\u00e1n pagar un d\u00eda de salario al fisco por mes.<br \/>\nLas protestas se iniciaron con una huelga general del transporte seguida de una oleada de manifestaciones en las calles del pa\u00eds. Esta situaci\u00f3n oblig\u00f3 a Lenin Moreno a traspasar la sede de gobierno provisionalmente a la ciudad de Guayaquil, ya que los manifestantes llegaron a tomar por horas la Asamblea Nacional al grito de \u00a1Fuera Moreno!<br \/>\nLa ca\u00edda del precio del petr\u00f3leo ha disparado la deuda p\u00fablica, lo que ha llevado al gobierno de Ecuador a pedir un nuevo pr\u00e9stamo al F.M.I y a endeudarse a\u00fan m\u00e1s con los banqueros internacionales. \u201cNaturalmente\u201d el F.M.I ha exigido a Lenin Moreno un ajuste financiero que conlleva aplicar una pol\u00edtica anti obrera de despidos, bajadas de salarios y perdidas de derechos adquiridos a la poblaci\u00f3n, adem\u00e1s del encarecimiento de los servicios p\u00fablicos.<br \/>\nUna batalla finalmente ganada por el pueblo trabajador ecuatoriano. La uni\u00f3n y la lucha de las trabajadoras y trabajadores ha impedido el retroceso social que se quer\u00eda imponer y vuelve a demostrar que es el \u00fanico camino para ganar la gran guerra ante el capitalismo, verdadero mal de la humanidad.<\/p>\n","protected":false},"excerpt":{"rendered":"<p>Las \u00faltimas medidas de ajuste financiero \u201cpaquetazo\u201d impuestas a la poblaci\u00f3n por el gobierno de Ecuador, liderado por Lenin Moreno, han provocado una oleada de protestas en el pa\u00eds que ha obligado a dar marcha atr\u00e1s al gobierno y por consiguiente a la derogaci\u00f3n del decreto ley. Esta medida gubernamental buscaba la quita de subsidios&hellip;&nbsp;<a href=\"https:\/\/vozobrera.org\/periodico\/la-lucha-en-ecuador-tiene-su-recompensa\/\" rel=\"bookmark\">Leer m\u00e1s &raquo;<span class=\"screen-reader-text\">La lucha en Ecuador tiene su recompensa<\/span><\/a><\/p>\n","protected":false},"author":5,"featured_media":0,"comment_status":"closed","ping_status":"closed","sticky":false,"template":"","format":"standard","meta":{"neve_meta_sidebar":"","neve_meta_container":"","neve_meta_enable_content_width":"","neve_meta_content_width":70,"neve_meta_title_alignment":"","neve_meta_author_avatar":"","neve_post_elements_order":"","neve_meta_disable_header":"","neve_meta_disable_footer":"","neve_meta_disable_title":"","footnotes":""},"categories":[10],"tags":[581],"class_list":["post-10065","post","type-post","status-publish","format-standard","hentry","category-mensual","tag-no19"],"_links":{"self":[{"href":"https:\/\/vozobrera.org\/periodico\/wp-json\/wp\/v2\/posts\/10065","targetHints":{"allow":["GET"]}}],"collection":[{"href":"https:\/\/vozobrera.org\/periodico\/wp-json\/wp\/v2\/posts"}],"about":[{"href":"https:\/\/vozobrera.org\/periodico\/wp-json\/wp\/v2\/types\/post"}],"author":[{"embeddable":true,"href":"https:\/\/vozobrera.org\/periodico\/wp-json\/wp\/v2\/users\/5"}],"replies":[{"embeddable":true,"href":"https:\/\/vozobrera.org\/periodico\/wp-json\/wp\/v2\/comments?post=10065"}],"version-history":[{"count":1,"href":"https:\/\/vozobrera.org\/periodico\/wp-json\/wp\/v2\/posts\/10065\/revisions"}],"predecessor-version":[{"id":10066,"href":"https:\/\/vozobrera.org\/periodico\/wp-json\/wp\/v2\/posts\/10065\/revisions\/10066"}],"wp:attachment":[{"href":"https:\/\/vozobrera.org\/periodico\/wp-json\/wp\/v2\/media?parent=10065"}],"wp:term":[{"taxonomy":"category","embeddable":true,"href":"https:\/\/vozobrera.org\/periodico\/wp-json\/wp\/v2\/categories?post=10065"},{"taxonomy":"post_tag","embeddable":true,"href":"https:\/\/vozobrera.org\/periodico\/wp-json\/wp\/v2\/tags?post=10065"}],"curies":[{"name":"wp","href":"https:\/\/api.w.org\/{rel}","templated":true}]}}